{"id":82,"date":"2014-08-21T14:22:46","date_gmt":"2014-08-21T17:22:46","guid":{"rendered":"https:\/\/www.medicina.ufmg.br\/teste\/?p=82"},"modified":"2014-09-03T14:34:04","modified_gmt":"2014-09-03T17:34:04","slug":"comissoes-organizadora","status":"publish","type":"post","link":"https:\/\/www.medicina.ufmg.br\/3congressosaude\/2014\/08\/21\/comissoes-organizadora\/","title":{"rendered":"Comiss\u00f5es Organizadora"},"content":{"rendered":"<table class=\" alignleft\" style=\"width: 950px;\">\n<tbody>\n<tr>\n<td style=\"width: 180px;\">[shortmenu menu=&#8221;Menu 1&#8243; enhance=&#8221;false&#8221; menu_color=&#8221;#ffffff&#8221; menu_anchor_color=&#8221;#333333&#8243; menu_anchor_hover_color=&#8221;#dd3333&#8243; is_responsive=&#8221;true&#8221; ]<\/td>\n<td style=\"width: 700px;\">\n<h2><\/h2>\n<p><strong>Presidente: <\/strong><br \/>\nProf. Francisco Jos\u00e9 Penna<\/p>\n<p><strong>Coordenador Executivo:<\/strong><br \/>\nProf. Tarcizo Afonso Nunes<\/p>\n<p><strong>Rela\u00e7\u00f5es Institucionais:<\/strong><br \/>\nProf.\u00aa Maria Cec\u00edlia Diniz Nogueira<\/p>\n<p><strong>Secretaria Executiva: <\/strong><br \/>\nArlete Bozzi de Morais<\/p>\n<p><strong>Comiss\u00e3o Assessora:<\/strong><br \/>\nChefe e Subchefe dos Departamentos<\/p>\n<p><strong>Departamento de Oftalmologia e Otorrinolaringologia<\/strong><br \/>\nProf.\u00aa Ana Rosa Pimentel Figueiredo<br \/>\nProf.\u00aa Helena Maria Gon\u00e7alves Becker<\/p>\n<p><strong>Departamento de Medicina Preventiva e Social<\/strong><br \/>\nProf. Ant\u00f4nio Leite Alves Radicchi<br \/>\nProf. Virg\u00edlio Bai\u00e3o Carneiro<\/p>\n<p><strong>Departamento de Pediatria<\/strong><br \/>\nProfa. Claudia Regina Lindgren Alves<br \/>\nProfa. Rachel Aparecida Ferreira Fernandes<\/p>\n<p><strong>Departamento de Ginecologia e Obstetr\u00edcia<\/strong><br \/>\nProf. C\u00e9zar Alencar de Lima Rezende<br \/>\nProf.\u00aa M\u00e1rcia Mendon\u00e7a Carneiro<\/p>\n<p><strong>Departamento de Anatomia e Imagem<\/strong><br \/>\nProf. Reginaldo Figueiredo<br \/>\nProf. Luciene das Gra\u00e7as Mota<\/p>\n<p><strong>Departamento de Sa\u00fade Mental<\/strong><br \/>\nProf. Humberto Corr\u00eaa da Silva Filho<br \/>\nProf.\u00aa C\u00edntia Satiko Fuzikawa<\/p>\n<p><strong>Departamento de Fonoaudilogia<\/strong><br \/>\nProf.\u00aa Luciana Macedo de Resende<br \/>\nProf.\u00aa Patr\u00edcia Cotta Mancini<\/p>\n<p><strong>Departamento de Cirurgia<\/strong><br \/>\nProf. Marcelo Eller Miranda<br \/>\nProf. Renato Santiago Gomez<\/p>\n<p><strong>Departamento de Aparelho Locomotor<\/strong><br \/>\nProf. Marco Ant\u00f4nio Percope de Andrade<br \/>\nProf.\u00aa Cristina Costa Duarte Lanna<\/p>\n<p><strong>Departamento Anatomia Patol\u00f3gica e Medicina Legal<\/strong><br \/>\nProf.\u00aa Paula Vieira Teixeira Vidigal<br \/>\nProf. Eduardo Paulino J\u00fanior<\/p>\n<p><strong>Departamento de Cl\u00ednica M\u00e9dica<\/strong><br \/>\nProf. Una\u00ed Tupinamb\u00e1s<br \/>\nProfa. Maria M\u00f4nica de Freitas<\/p>\n<p><strong>Departamento de Proped\u00eautica Complementar<\/strong><br \/>\nProf.\u00aa Taciana de Figueiredo Soares<br \/>\nProf.\u00aa Suzane Pretti Figueiredo Neves<\/p>\n<p><strong>Comiss\u00e3o de Comunica\u00e7\u00e3o Social:<\/strong><br \/>\nGilberto Boaventura de Carvalho<\/p>\n<p><strong>Comiss\u00e3o de Engenharia e Arquitetura:<\/strong><br \/>\nEneida Ricardo<br \/>\nVin\u00edcius Milleo Motao<\/p>\n<p><strong>Comiss\u00e3o de Infraestrutura:<\/strong><br \/>\nMaur\u00edlio da Silva Elias<br \/>\nS\u00e9rgio Eduardo Rocha Corr\u00eaa<\/p>\n<p><strong>Comiss\u00e3o de Planejamento Financeiro: <\/strong><br \/>\nCleverson de Oliveira Pena<br \/>\nV\u00e2nia Cardoso Soares do Couto<\/p>\n<p><strong>Comiss\u00e3o de Tecnologia de Informa\u00e7\u00e3o: <\/strong><br \/>\nAlexandre Pereira do Nascimento<\/p>\n<p><strong>Comiss\u00e3o Financeira:<\/strong><br \/>\nProf. Francisco Jos\u00e9 Penna<br \/>\nProf.\u00aa Maria Cec\u00edlia Diniz Nogueira<\/p>\n<p><strong>Comiss\u00e3o Social:<\/strong><br \/>\nAdriana Alves Figueiredo Nascimento<\/td>\n<\/tr>\n<\/tbody>\n<\/table>\n<p><\/p>\n","protected":false},"excerpt":{"rendered":"<p>[shortmenu menu=&#8221;Menu 1&#8243; enhance=&#8221;false&#8221; menu_color=&#8221;#ffffff&#8221; menu_anchor_color=&#8221;#333333&#8243; menu_anchor_hover_color=&#8221;#dd3333&#8243; is_responsive=&#8221;true&#8221; ] Presidente: Prof. Francisco Jos\u00e9 Penna Coordenador Executivo: Prof. Tarcizo Afonso Nunes Rela\u00e7\u00f5es Institucionais: Prof.\u00aa Maria Cec\u00edlia Diniz Nogueira Secretaria Executiva: Arlete Bozzi de Morais Comiss\u00e3o Assessora: Chefe e Subchefe dos Departamentos Departamento de Oftalmologia e Otorrinolaringologia Prof.\u00aa Ana Rosa Pimentel Figueiredo Prof.\u00aa Helena Maria Gon\u00e7alves Becker [&hellip;]<\/p>\n","protected":false},"author":17,"featured_media":0,"comment_status":"closed","ping_status":"open","sticky":false,"template":"","format":"standard","meta":{"footnotes":""},"categories":[3],"tags":[],"class_list":["post-82","post","type-post","status-publish","format-standard","hentry","category-congresso-nacional-de-saude","loop-entry clr"],"_links":{"self":[{"href":"https:\/\/www.medicina.ufmg.br\/3congressosaude\/wp-json\/wp\/v2\/posts\/82","targetHints":{"allow":["GET"]}}],"collection":[{"href":"https:\/\/www.medicina.ufmg.br\/3congressosaude\/wp-json\/wp\/v2\/posts"}],"about":[{"href":"https:\/\/www.medicina.ufmg.br\/3congressosaude\/wp-json\/wp\/v2\/types\/post"}],"author":[{"embeddable":true,"href":"https:\/\/www.medicina.ufmg.br\/3congressosaude\/wp-json\/wp\/v2\/users\/17"}],"replies":[{"embeddable":true,"href":"https:\/\/www.medicina.ufmg.br\/3congressosaude\/wp-json\/wp\/v2\/comments?post=82"}],"version-history":[{"count":3,"href":"https:\/\/www.medicina.ufmg.br\/3congressosaude\/wp-json\/wp\/v2\/posts\/82\/revisions"}],"predecessor-version":[{"id":220,"href":"https:\/\/www.medicina.ufmg.br\/3congressosaude\/wp-json\/wp\/v2\/posts\/82\/revisions\/220"}],"wp:attachment":[{"href":"https:\/\/www.medicina.ufmg.br\/3congressosaude\/wp-json\/wp\/v2\/media?parent=82"}],"wp:term":[{"taxonomy":"category","embeddable":true,"href":"https:\/\/www.medicina.ufmg.br\/3congressosaude\/wp-json\/wp\/v2\/categories?post=82"},{"taxonomy":"post_tag","embeddable":true,"href":"https:\/\/www.medicina.ufmg.br\/3congressosaude\/wp-json\/wp\/v2\/tags?post=82"}],"curies":[{"name":"wp","href":"https:\/\/api.w.org\/{rel}","templated":true}]}}