{"id":241,"date":"2024-03-08T18:42:42","date_gmt":"2024-03-08T18:42:42","guid":{"rendered":"https:\/\/www.medicina.ufmg.br\/apm\/?p=241"},"modified":"2024-03-08T18:42:42","modified_gmt":"2024-03-08T18:42:42","slug":"edital-01-2024-monitoria-de-graduacao-departamento-de-anatomia-patologica-e-medicina-legal","status":"publish","type":"post","link":"https:\/\/www.medicina.ufmg.br\/apm\/2024\/03\/08\/edital-01-2024-monitoria-de-graduacao-departamento-de-anatomia-patologica-e-medicina-legal\/","title":{"rendered":"Edital 01\/2024 \u2013 Monitoria de Gradua\u00e7\u00e3o: Departamento de Anatomia Patol\u00f3gica e Medicina Legal"},"content":{"rendered":"\n<p><a href=\"https:\/\/www.medicina.ufmg.br\/editais\/?interno=edital-01-2024-monitoria-de-graduacao-departamento-de-anatomia-patologica-e-medicina-legal\">Acesse aqui o edital.<\/a><\/p>\n","protected":false},"excerpt":{"rendered":"<p>Acesse aqui o edital.<\/p>\n","protected":false},"author":105,"featured_media":0,"comment_status":"open","ping_status":"open","sticky":false,"template":"","format":"standard","meta":{"footnotes":""},"categories":[1],"tags":[],"class_list":["post-241","post","type-post","status-publish","format-standard","hentry","category-comunicados"],"_links":{"self":[{"href":"https:\/\/www.medicina.ufmg.br\/apm\/wp-json\/wp\/v2\/posts\/241","targetHints":{"allow":["GET"]}}],"collection":[{"href":"https:\/\/www.medicina.ufmg.br\/apm\/wp-json\/wp\/v2\/posts"}],"about":[{"href":"https:\/\/www.medicina.ufmg.br\/apm\/wp-json\/wp\/v2\/types\/post"}],"author":[{"embeddable":true,"href":"https:\/\/www.medicina.ufmg.br\/apm\/wp-json\/wp\/v2\/users\/105"}],"replies":[{"embeddable":true,"href":"https:\/\/www.medicina.ufmg.br\/apm\/wp-json\/wp\/v2\/comments?post=241"}],"version-history":[{"count":1,"href":"https:\/\/www.medicina.ufmg.br\/apm\/wp-json\/wp\/v2\/posts\/241\/revisions"}],"predecessor-version":[{"id":242,"href":"https:\/\/www.medicina.ufmg.br\/apm\/wp-json\/wp\/v2\/posts\/241\/revisions\/242"}],"wp:attachment":[{"href":"https:\/\/www.medicina.ufmg.br\/apm\/wp-json\/wp\/v2\/media?parent=241"}],"wp:term":[{"taxonomy":"category","embeddable":true,"href":"https:\/\/www.medicina.ufmg.br\/apm\/wp-json\/wp\/v2\/categories?post=241"},{"taxonomy":"post_tag","embeddable":true,"href":"https:\/\/www.medicina.ufmg.br\/apm\/wp-json\/wp\/v2\/tags?post=241"}],"curies":[{"name":"wp","href":"https:\/\/api.w.org\/{rel}","templated":true}]}}