{"id":1715,"date":"2025-06-17T19:33:46","date_gmt":"2025-06-17T19:33:46","guid":{"rendered":"https:\/\/www.medicina.ufmg.br\/clm\/?p=1715"},"modified":"2025-06-17T19:33:46","modified_gmt":"2025-06-17T19:33:46","slug":"inscricoes-para-a-disciplina-optativa-da-terapeutica-clinica-ii","status":"publish","type":"post","link":"https:\/\/www.medicina.ufmg.br\/clm\/2025\/06\/17\/inscricoes-para-a-disciplina-optativa-da-terapeutica-clinica-ii\/","title":{"rendered":"Inscri\u00e7\u00f5es para a disciplina optativa da Terap\u00eautica Cl\u00ednica II"},"content":{"rendered":"\n<p><em>Ser\u00e3o abertas&nbsp;a partir de amanh\u00e3 \u00e0s 09:00&nbsp;as inscri\u00e7\u00f5es para a Disciplina Optativa Terap\u00eautica Cl\u00ednica II. Poder\u00e3o se inscrever os alunos do 9\u00ba ao 12\u00ba per\u00edodos.<\/em><\/p>\n\n\n\n<p><em>As aulas<\/em><strong><em>&nbsp;ir\u00e3o come\u00e7ar no dia 09\/07\/2025 e v\u00e3o at\u00e9 o dia 25\/09\/2025<\/em><\/strong><em>&nbsp;e ser\u00e3o ministradas pelo Professor \u00canio Pietra,&nbsp;<\/em><strong><em>\u00e0s quartas e quintas-feiras das 07:00 \u00e0s 07:59, na sala s146.<\/em><\/strong><\/p>\n\n\n\n<p><em>O total da carga hor\u00e1ria da disciplina s\u00e3o de 30h. &nbsp;<br><\/em><em><br>Per\u00edodo de inscri\u00e7\u00f5es: 18\/06\/2025 a 26\/06\/2025&nbsp;<br>N\u00famero de Vagas: 40<br>Pr\u00e9 requisito: Ter conclu\u00eddo o 8\u00ba per\u00edodo do curso de Medicina<br>Formul\u00e1rio de Inscri\u00e7\u00e3o<\/em><a href=\"https:\/\/docs.google.com\/forms\/d\/1KqaPFBvW7KRan0FNixZaHphkOSQI040nqgxVgJkex1I\/edit\" target=\"_blank\" rel=\"noreferrer noopener\"><strong><em>:<\/em><\/strong><\/a><a href=\"https:\/\/docs.google.com\/forms\/d\/e\/1FAIpQLSd1VowcDUbof2RqmsYwfxuy12HA87TFT8g65hKNTm2C78877w\/viewform?usp=header\" target=\"_blank\" rel=\"noreferrer noopener\"><em>https:\/\/docs.google.com\/forms\/d\/e\/1FAIpQLSd1VowcDUbof2RqmsYwfxuy12HA87TFT8g65hKNTm2C78877w\/viewform?usp=header<\/em><\/a><\/p>\n\n\n\n<p><em>Caso o n\u00famero de inscritos exceda o n\u00famero de vagas, a classifica\u00e7\u00e3o seguir\u00e1 os seguintes crit\u00e9rios para a sele\u00e7\u00e3o:<br>1) ser\u00e3o classificados os candidatos do maior para o menor per\u00edodo, ou seja, do 12\u00ba per\u00edodo para o 9\u00ba periodo;<br>2) \u00faltimo NSG dispon\u00edvel no hist\u00f3rico escolar;<br>3) candidato (a) mais velho (a)<\/em><\/p>\n\n\n\n<p><a href=\"http:\/\/www.medicina.ufmg.br\/clm\/wp-content\/uploads\/sites\/24\/2025\/06\/Terapeutica-Clinica-II-A-3-Trimestre-2025.pdf\" data-type=\"link\" data-id=\"http:\/\/www.medicina.ufmg.br\/clm\/wp-content\/uploads\/sites\/24\/2025\/06\/Terapeutica-Clinica-II-A-3-Trimestre-2025.pdf\">Ementa<\/a><\/p>\n","protected":false},"excerpt":{"rendered":"<p>Ser\u00e3o abertas&nbsp;a partir de amanh\u00e3 \u00e0s 09:00&nbsp;as inscri\u00e7\u00f5es para a Disciplina Optativa Terap\u00eautica Cl\u00ednica II. Poder\u00e3o se inscrever os alunos do 9\u00ba ao 12\u00ba per\u00edodos. As aulas&nbsp;ir\u00e3o come\u00e7ar no dia 09\/07\/2025 e v\u00e3o at\u00e9 o dia 25\/09\/2025&nbsp;e ser\u00e3o ministradas pelo Professor \u00canio Pietra,&nbsp;\u00e0s quartas e quintas-feiras das 07:00 \u00e0s 07:59, na sala s146. O total [&hellip;]<\/p>\n","protected":false},"author":105,"featured_media":0,"comment_status":"open","ping_status":"open","sticky":false,"template":"","format":"standard","meta":{"footnotes":""},"categories":[1],"tags":[],"class_list":["post-1715","post","type-post","status-publish","format-standard","hentry","category-comunicados"],"_links":{"self":[{"href":"https:\/\/www.medicina.ufmg.br\/clm\/wp-json\/wp\/v2\/posts\/1715","targetHints":{"allow":["GET"]}}],"collection":[{"href":"https:\/\/www.medicina.ufmg.br\/clm\/wp-json\/wp\/v2\/posts"}],"about":[{"href":"https:\/\/www.medicina.ufmg.br\/clm\/wp-json\/wp\/v2\/types\/post"}],"author":[{"embeddable":true,"href":"https:\/\/www.medicina.ufmg.br\/clm\/wp-json\/wp\/v2\/users\/105"}],"replies":[{"embeddable":true,"href":"https:\/\/www.medicina.ufmg.br\/clm\/wp-json\/wp\/v2\/comments?post=1715"}],"version-history":[{"count":1,"href":"https:\/\/www.medicina.ufmg.br\/clm\/wp-json\/wp\/v2\/posts\/1715\/revisions"}],"predecessor-version":[{"id":1717,"href":"https:\/\/www.medicina.ufmg.br\/clm\/wp-json\/wp\/v2\/posts\/1715\/revisions\/1717"}],"wp:attachment":[{"href":"https:\/\/www.medicina.ufmg.br\/clm\/wp-json\/wp\/v2\/media?parent=1715"}],"wp:term":[{"taxonomy":"category","embeddable":true,"href":"https:\/\/www.medicina.ufmg.br\/clm\/wp-json\/wp\/v2\/categories?post=1715"},{"taxonomy":"post_tag","embeddable":true,"href":"https:\/\/www.medicina.ufmg.br\/clm\/wp-json\/wp\/v2\/tags?post=1715"}],"curies":[{"name":"wp","href":"https:\/\/api.w.org\/{rel}","templated":true}]}}