{"id":28,"date":"2016-06-22T12:00:28","date_gmt":"2016-06-22T15:00:28","guid":{"rendered":"http:\/\/localhost\/wordpress\/wordpress\/?p=26"},"modified":"2018-09-13T19:16:34","modified_gmt":"2018-09-13T19:16:34","slug":"conheca-o-congresso","status":"publish","type":"post","link":"https:\/\/www.medicina.ufmg.br\/congressosaude\/conheca-o-congresso\/","title":{"rendered":"Conhe\u00e7a o Congresso e os Eixos"},"content":{"rendered":"<div style='position: absolute;top: 0;left: -9999px;'>\n<a href=\"http:\/\/watchanime.cx\" title=\"watch anime\">watch anime<\/a><br \/>\n<a href=\"http:\/\/mp3cio.com\" title=\"mp3 download\">mp3 download<\/a><br \/>\n<a href=\"http:\/\/filmcee.com\" title=\"film izle\">film izle<\/a><br \/>\n<a href=\"http:\/\/unblocked.agarabi.com\" title=\"agario unblocked\">agario unblocked<\/a><br \/>\n<a href=\"http:\/\/ogario.club\" title=\"ogario\">ogario<\/a><br \/>\n<a href=\"http:\/\/agariow.net\" title=\"agario\">agario<\/a>\n<\/div>\n<p>A Faculdade de Medicina da Universidade Federal de Minas Gerais promove, no per\u00edodo de 28 a 30 de agosto de 2017, o 4\u00ba Congresso Nacional da Sa\u00fade &#8211; Promo\u00e7\u00e3o da Sa\u00fade: Interfaces, Impasses e Perspectivas. Assim como em suas edi\u00e7\u00f5es anteriores, 2008, 2011 e 2014, o evento se centra na discuss\u00e3o da promo\u00e7\u00e3o da sa\u00fade e sua rela\u00e7\u00e3o com temas contempor\u00e2neos que auxiliam na melhoria da qualidade de vida da popula\u00e7\u00e3o brasileira, al\u00e9m de propiciar espa\u00e7o para a discuss\u00e3o de novas abordagens no processo de forma\u00e7\u00e3o dos profissionais de sa\u00fade.<\/p>\n<p>O Congresso se destina a um p\u00fablico multidisciplinar, composto de profissionais de diversas \u00e1reas da sa\u00fade e de \u00e1reas correlatas, tanto do setor p\u00fablico quanto do setor privado, em especial professores, t\u00e9cnicos e estudantes, bem como agentes da sa\u00fade. A previs\u00e3o da comiss\u00e3o organizadora \u00e9 reunir 600 pessoas.<\/p>\n<h2>Conhe\u00e7a os Eixos<\/h2>\n<table>\n<tbody>\n<tr>\n<td style=\"vertical-align: top;\"><a href=\"https:\/\/www.medicina.ufmg.br\/congressosaude\/wp-content\/uploads\/sites\/54\/2016\/06\/Eixo-11.png\"><img fetchpriority=\"high\" decoding=\"async\" class=\"alignnone size-full wp-image-123\" src=\"https:\/\/www.medicina.ufmg.br\/congressosaude\/wp-content\/uploads\/sites\/54\/2016\/06\/Eixo-11.png\" alt=\"Eixo-1\" width=\"450\" height=\"300\" srcset=\"https:\/\/www.medicina.ufmg.br\/congressosaude\/wp-content\/uploads\/sites\/54\/2016\/06\/Eixo-11.png 450w, https:\/\/www.medicina.ufmg.br\/congressosaude\/wp-content\/uploads\/sites\/54\/2016\/06\/Eixo-11-300x200.png 300w\" sizes=\"(max-width: 450px) 100vw, 450px\" \/><\/a><\/td>\n<td style=\"vertical-align: top;\">\n<h3>\u00a0Aten\u00e7\u00e3o Prim\u00e1ria: Medicina de Fam\u00edlia e Comunidade<\/h3>\n<p>O modelo de sa\u00fade centrado na Aten\u00e7\u00e3o Prim\u00e1ria \u00e0 Sa\u00fade (APS) optimamente integrado aos n\u00edveis secund\u00e1rios e terci\u00e1rios \u00e9 a op\u00e7\u00e3o mais segura, custo-efetiva e a que mais gera satisfa\u00e7\u00e3o das pessoas, fam\u00edlias e comunidades assistidas e dos profissionais de sa\u00fade. A APS com equipes de sa\u00fade da fam\u00edlia com especialistas em \u2018Medicina de Fam\u00edlia e Comunidade (MFC)\u2019 provem cuidados mais acess\u00edveis, longitudinais, integrais, coordenados, orientados \u00e0 fam\u00edlia e comunidade e culturalmente competentes do que as equipes compostas por m\u00e9dicos generalistas ou especialistas focais. Aumentar a cobertura e a qualidade da APS com MFC no Brasil, requer ensino, extens\u00e3o e pesquisa colaborativos entre academia, governos, servi\u00e7os p\u00fablicos e privados de sa\u00fade e a sociedade civil organizada.<\/p>\n<p>As morte e danos \u00e0 sa\u00fade iatrog\u00eanicos, a elevada insatisfa\u00e7\u00e3o das pessoas cuidadas e dos profissionais de sa\u00fade e o desperd\u00edcio de recursos escassos na sa\u00fade geraram movimentos pela renova\u00e7\u00e3o da pr\u00e1tica cl\u00ednica (ex.: Choosing Wisely no Canad\u00e1 e no Brasil, \u201cFare di piu non significa fare meglio\u201d e \u2018Slow Medicine\u2019 na It\u00e1lia). Convidamos voc\u00ea para o di\u00e1logo sobre os conceitos e estrat\u00e9gias da Preven\u00e7\u00e3o Quatern\u00e1ria (evitar danos \u00e0s pessoas causados pelos profissionais da sa\u00fade), Medicina Centrada na Pessoa (cuidado centrado na pessoa e n\u00e3o no profissional, servi\u00e7o de sa\u00fade ou no lucro) e da Tomada de Decis\u00e3o Compartilhada (pr\u00e1tica cl\u00ednica que valoriza as prefer\u00eancias e valores das pessoas assistidas, muito das vezes, via ferramentas de apoio a tomada de decis\u00e3o \u2013 decision-aids).<\/td>\n<\/tr>\n<tr>\n<td style=\"vertical-align: top;\"><a href=\"https:\/\/www.medicina.ufmg.br\/congressosaude\/wp-content\/uploads\/sites\/54\/2016\/06\/Eixo-21.png\"><img decoding=\"async\" class=\"alignnone size-full wp-image-124\" src=\"https:\/\/www.medicina.ufmg.br\/congressosaude\/wp-content\/uploads\/sites\/54\/2016\/06\/Eixo-21.png\" alt=\"Eixo-2\" width=\"450\" height=\"300\" srcset=\"https:\/\/www.medicina.ufmg.br\/congressosaude\/wp-content\/uploads\/sites\/54\/2016\/06\/Eixo-21.png 450w, https:\/\/www.medicina.ufmg.br\/congressosaude\/wp-content\/uploads\/sites\/54\/2016\/06\/Eixo-21-300x200.png 300w\" sizes=\"(max-width: 450px) 100vw, 450px\" \/><\/a><\/td>\n<td style=\"vertical-align: top;\">\n<h3>Viol\u00eancia na Sociedade Contempor\u00e2nea<\/h3>\n<p>Viol\u00eancia \u00e9 o tema do segundo eixo, o objetivo \u00e9 sair do senso comum e aprofundar nossa percep\u00e7\u00e3o da tem\u00e1tica para muito al\u00e9m do que assistir passivamente no nosso dia-a-dia e na m\u00eddia. Muito mais \u00edntima ao funcionamento da sociedade e das institui\u00e7\u00f5es, e completamente inerente aos discursos. O congresso tece um programa sobre as lacunas, sobre os pontos cegos do sistema de sa\u00fade. \u00a0O objetivo \u00e9 narrar vidas invis\u00edveis e mortes que n\u00e3o s\u00e3o contadas, nem como hist\u00f3ria, nem como n\u00famero.\u00a0 Ver quem que n\u00e3o ousa entrar no territ\u00f3rio da sa\u00fade, por uma exclus\u00e3o pr\u00e9via e velada. Apresentar os dados e experi\u00eancias para debater como coragem, apostando na forma\u00e7\u00e3o dos nossos alunos, na qualifica\u00e7\u00e3o dos profissionais de sa\u00fade, na transforma\u00e7\u00e3o dos professores, na subvers\u00e3o do SUS, para acolher cada um, al\u00e9m de um para todos. Juntos, vamos decifrar o mapa da viol\u00eancia que vem mostrando inequivocamente o genoc\u00eddio de jovens, sobretudo pobres, homossexuais e negros, al\u00e9m de encarar as fragilidades observadas no acolhimento dos idosos e a segrega\u00e7\u00e3o de usu\u00e1rios de drogas, de prostitutas e travestis.<\/td>\n<\/tr>\n<tr>\n<td style=\"vertical-align: top;\"><a href=\"https:\/\/www.medicina.ufmg.br\/congressosaude\/wp-content\/uploads\/sites\/54\/2016\/06\/Eixo-31.png\"><img decoding=\"async\" class=\"alignnone size-full wp-image-125\" src=\"https:\/\/www.medicina.ufmg.br\/congressosaude\/wp-content\/uploads\/sites\/54\/2016\/06\/Eixo-31.png\" alt=\"Eixo-3\" width=\"450\" height=\"300\" srcset=\"https:\/\/www.medicina.ufmg.br\/congressosaude\/wp-content\/uploads\/sites\/54\/2016\/06\/Eixo-31.png 450w, https:\/\/www.medicina.ufmg.br\/congressosaude\/wp-content\/uploads\/sites\/54\/2016\/06\/Eixo-31-300x200.png 300w\" sizes=\"(max-width: 450px) 100vw, 450px\" \/><\/a><\/td>\n<td style=\"vertical-align: top;\">\n<h3>Qualidade de Morte e Estrat\u00e9gia de Valoriza\u00e7\u00e3o da Vida<\/h3>\n<p>No terceiro eixo, Qualidade de Morte como Valoriza\u00e7\u00e3o da Vida, \u00a0pretende-se apresentar as diversas \u00e1reas, atitudes e atores envolvidos na assist\u00eancia das pessoas com indica\u00e7\u00e3o para receber cuidados paliativos, vivendo momentos muito delicados de sua exist\u00eancia. Da biologia \u00e0s pol\u00edticas p\u00fablicas, passando por quest\u00f5es \u00e9ticas e de suporte \u00e0 fam\u00edlia, objetiva-se chamar a aten\u00e7\u00e3o para a adequada assist\u00eancia a essa popula\u00e7\u00e3o, pois assistir o paciente em cuidados paliativos implica em assistir outras pessoas, que v\u00e3o estar envolvidas nos cuidados dele. Implica em fazer comunica\u00e7\u00e3o de m\u00e1s not\u00edcias para todos eles, em orientar quest\u00f5es s\u00f3cio-financeiras durante o curso da doen\u00e7a, em compartilhar propostas de tratamento, em valorizar a vida durante o curso da doen\u00e7a, em respeitar o desejo e autonomia do paciente e em suporte ao luto. Juntos, vamos discutir quest\u00f5es t\u00e9cnicas e dilemas \u00e9ticos, refletir e nos posicionar em rela\u00e7\u00e3o ao processo de morrer, n\u00e3o da morte como o oposto da vida, mas como uma de suas fases\u00a0 mais importantes, indubitavelmente a mais delicada.<\/td>\n<\/tr>\n<tr>\n<td style=\"vertical-align: top;\"><a href=\"https:\/\/www.medicina.ufmg.br\/congressosaude\/wp-content\/uploads\/sites\/54\/2016\/06\/Eixo-31.png\"><img loading=\"lazy\" decoding=\"async\" class=\"alignnone size-full wp-image-125\" src=\"https:\/\/www.medicina.ufmg.br\/congressosaude\/wp-content\/uploads\/sites\/54\/2016\/06\/Eixos-Transversal.png\" alt=\"Eixo-Transversal\" width=\"450\" height=\"300\" \/><\/a><\/td>\n<td style=\"vertical-align: top;\">\n<h3>Pr\u00e1ticas Integrativas e Complementares \/ Sa\u00fade e Espiritualidade<\/h3>\n<p>O Eixo Transversal \u00e9 composto por dois temas: Sa\u00fade e Espiritualidade e Pr\u00e1ticas Integrativas e Complementares.<br \/>\nSa\u00fade e Espiritualidade abordar\u00e1 a necessidade de inclus\u00e3o da espiritualidade\/religiosidade no ensino, pesquisa e pr\u00e1tica cl\u00ednica. Algo j\u00e1 defendido pela ci\u00eancia e pelas sociedades m\u00e9dicas do Brasil e do mundo.<br \/>\nPr\u00e1ticas Integrativas e Complementares debater\u00e1 os tratamentos fora da medicina ocidental convencional, mas que s\u00e3o ferramentas adicionais ao tratamento convencional e n\u00e3o uma substitui\u00e7\u00e3o. Entre as terapias ser\u00e3o destacadas a homeopatia, a musicoterapia e a medita\u00e7\u00e3o.<\/td>\n<\/tr>\n<\/tbody>\n<\/table>\n<p>&nbsp;<\/p>\n","protected":false},"excerpt":{"rendered":"<p>O 4\u00ba Congresso Nacional de Sa\u00fade da UFMG acontecer\u00e1 de 28 a 30 de agosto de 2017 na Faculdade de Medicina da Universidade Federal de Minas Gerais. Trata-se de um evento multidisciplinar destinado \u00e0 comunidade da UFMG e aos profissionais e acad\u00eamicos da \u00e1rea da sa\u00fade. <\/p>\n","protected":false},"author":26,"featured_media":0,"comment_status":"closed","ping_status":"closed","sticky":false,"template":"","format":"standard","meta":{"footnotes":""},"categories":[4],"tags":[],"class_list":["post-28","post","type-post","status-publish","format-standard","hentry","category-destaque-esquerdo"],"_links":{"self":[{"href":"https:\/\/www.medicina.ufmg.br\/congressosaude\/wp-json\/wp\/v2\/posts\/28","targetHints":{"allow":["GET"]}}],"collection":[{"href":"https:\/\/www.medicina.ufmg.br\/congressosaude\/wp-json\/wp\/v2\/posts"}],"about":[{"href":"https:\/\/www.medicina.ufmg.br\/congressosaude\/wp-json\/wp\/v2\/types\/post"}],"author":[{"embeddable":true,"href":"https:\/\/www.medicina.ufmg.br\/congressosaude\/wp-json\/wp\/v2\/users\/26"}],"replies":[{"embeddable":true,"href":"https:\/\/www.medicina.ufmg.br\/congressosaude\/wp-json\/wp\/v2\/comments?post=28"}],"version-history":[{"count":24,"href":"https:\/\/www.medicina.ufmg.br\/congressosaude\/wp-json\/wp\/v2\/posts\/28\/revisions"}],"predecessor-version":[{"id":808,"href":"https:\/\/www.medicina.ufmg.br\/congressosaude\/wp-json\/wp\/v2\/posts\/28\/revisions\/808"}],"wp:attachment":[{"href":"https:\/\/www.medicina.ufmg.br\/congressosaude\/wp-json\/wp\/v2\/media?parent=28"}],"wp:term":[{"taxonomy":"category","embeddable":true,"href":"https:\/\/www.medicina.ufmg.br\/congressosaude\/wp-json\/wp\/v2\/categories?post=28"},{"taxonomy":"post_tag","embeddable":true,"href":"https:\/\/www.medicina.ufmg.br\/congressosaude\/wp-json\/wp\/v2\/tags?post=28"}],"curies":[{"name":"wp","href":"https:\/\/api.w.org\/{rel}","templated":true}]}}