{"id":30,"date":"2016-06-22T12:23:25","date_gmt":"2016-06-22T12:23:25","guid":{"rendered":"http:\/\/localhost\/wordpress\/wordpress\/?p=30"},"modified":"2016-07-20T20:17:19","modified_gmt":"2016-07-20T20:17:19","slug":"dicas-uteis","status":"publish","type":"post","link":"https:\/\/www.medicina.ufmg.br\/congressosaude\/dicas-uteis\/","title":{"rendered":"Dicas \u00dateis"},"content":{"rendered":"<h2>Onde ficar?<\/h2>\n<p>Hotel Matiz Square<br \/>\nPra\u00e7a Hugo Werneck, 537 &#8211; Santa Efig\u00eania Belo Horizonte &#8211; MG<br \/>\n+55 (31) 3304-4800<\/p>\n<p>Hotel Holiday Inn<br \/>\nRua Professor Moraes, 600 &#8211; Savassi &#8211; Belo Horizonte &#8211; MG<br \/>\n+55 (31) 3064-6541<\/p>\n<p>Hotel Ibis Liberdade<br \/>\nAvenida Jo\u00e3o Pinheiro, 602 &#8211; Belo Horizonte &#8211; MG<br \/>\n+55 (31) 2111-1500<\/p>\n<p>Mercure Hotels<br \/>\nAvenida do Contorno,7315 &#8211; Belo Horizonte &#8211; MG<br \/>\n+55(31) 3298-4100<\/p>\n<h2>Onde comer?<\/h2>\n<p>Cantina da Faculdade de Medicina<br \/>\nCampus Sa\u00fade &#8211; Segunda a Sexta-feira, 7h \u00e0s 21h<br \/>\nS\u00e1bado, 8h \u00e0s 14h (almo\u00e7o)<\/p>\n<p>Donna Margherita<br \/>\nAv. Caranda\u00ed, 840 &#8211; Funcion\u00e1rios<br \/>\nTer\u00e7a a S\u00e1bado, 11h30 \u00e0s 1h<\/p>\n<p>Too Much<br \/>\nRua Padre Rolim, 769 &#8211; Santa Efig\u00eania<br \/>\nSegunda a S\u00e1bado, 11h \u00e0s 17h<\/p>\n<p>Viena Self Service<br \/>\nRua Dos Otoni, 726 &#8211; Santa Efig\u00eania<br \/>\nSegunda a Sexta-feira, 11h \u00e0s 15h<\/p>\n","protected":false},"excerpt":{"rendered":"<p>A Faculdade de Medicina da UFMG est\u00e1 localizada no Centro de Belo Horizonte, \u00e1rea de f\u00e1cil acesso para os congressistas. Na regi\u00e3o, h\u00e1 diversos restaurantes, hot\u00e9is e lanchonetes. Veja algumas dicas e sugest\u00f5es que a organiza\u00e7\u00e3o selecionou.<\/p>\n","protected":false},"author":16,"featured_media":0,"comment_status":"closed","ping_status":"closed","sticky":false,"template":"","format":"standard","meta":{"footnotes":""},"categories":[3],"tags":[],"class_list":["post-30","post","type-post","status-publish","format-standard","hentry","category-destaque-direito"],"_links":{"self":[{"href":"https:\/\/www.medicina.ufmg.br\/congressosaude\/wp-json\/wp\/v2\/posts\/30","targetHints":{"allow":["GET"]}}],"collection":[{"href":"https:\/\/www.medicina.ufmg.br\/congressosaude\/wp-json\/wp\/v2\/posts"}],"about":[{"href":"https:\/\/www.medicina.ufmg.br\/congressosaude\/wp-json\/wp\/v2\/types\/post"}],"author":[{"embeddable":true,"href":"https:\/\/www.medicina.ufmg.br\/congressosaude\/wp-json\/wp\/v2\/users\/16"}],"replies":[{"embeddable":true,"href":"https:\/\/www.medicina.ufmg.br\/congressosaude\/wp-json\/wp\/v2\/comments?post=30"}],"version-history":[{"count":5,"href":"https:\/\/www.medicina.ufmg.br\/congressosaude\/wp-json\/wp\/v2\/posts\/30\/revisions"}],"predecessor-version":[{"id":385,"href":"https:\/\/www.medicina.ufmg.br\/congressosaude\/wp-json\/wp\/v2\/posts\/30\/revisions\/385"}],"wp:attachment":[{"href":"https:\/\/www.medicina.ufmg.br\/congressosaude\/wp-json\/wp\/v2\/media?parent=30"}],"wp:term":[{"taxonomy":"category","embeddable":true,"href":"https:\/\/www.medicina.ufmg.br\/congressosaude\/wp-json\/wp\/v2\/categories?post=30"},{"taxonomy":"post_tag","embeddable":true,"href":"https:\/\/www.medicina.ufmg.br\/congressosaude\/wp-json\/wp\/v2\/tags?post=30"}],"curies":[{"name":"wp","href":"https:\/\/api.w.org\/{rel}","templated":true}]}}