{"id":82514,"date":"2025-04-01T16:34:30","date_gmt":"2025-04-01T16:34:30","guid":{"rendered":"https:\/\/www.medicina.ufmg.br\/internas\/?p=82514"},"modified":"2025-04-01T16:34:31","modified_gmt":"2025-04-01T16:34:31","slug":"rede-telefonica-interrompida-no-sabado","status":"publish","type":"post","link":"https:\/\/www.medicina.ufmg.br\/internas\/2025\/04\/01\/rede-telefonica-interrompida-no-sabado\/","title":{"rendered":"Rede telef\u00f4nica interrompida no s\u00e1bado"},"content":{"rendered":"\n<p class=\"wp-block-paragraph\">Para garantir o pleno funcionamento da central telef\u00f4nica na Faculdade de Medicina e Enfermagem, ser\u00e1 realizada uma manuten\u00e7\u00e3o no s\u00e1bado, 05 de abril de 2025, das 9h \u00e0s 16h. Durante esse per\u00edodo, os telefones poder\u00e3o apresentar instabilidade, com funcionamento inconstante ou com breves interrup\u00e7\u00f5es.<\/p>\n\n\n\n<p class=\"wp-block-paragraph\"><strong>Mais informa\u00e7\u00f5es: (31) 3409-5525<\/strong><\/p>\n","protected":false},"excerpt":{"rendered":"<p>Para garantir o pleno funcionamento da central telef\u00f4nica na Faculdade de Medicina e Enfermagem, ser\u00e1 realizada uma manuten\u00e7\u00e3o no s\u00e1bado, 05 de abril de 2025, das 9h \u00e0s 16h. Durante esse per\u00edodo, os telefones poder\u00e3o apresentar instabilidade, com funcionamento inconstante ou com breves interrup\u00e7\u00f5es. Mais informa\u00e7\u00f5es: (31) 3409-5525<\/p>\n","protected":false},"author":110,"featured_media":0,"comment_status":"open","ping_status":"open","sticky":false,"template":"","format":"standard","meta":{"footnotes":""},"categories":[1],"tags":[],"class_list":["post-82514","post","type-post","status-publish","format-standard","hentry","category-internas"],"_links":{"self":[{"href":"https:\/\/www.medicina.ufmg.br\/internas\/wp-json\/wp\/v2\/posts\/82514","targetHints":{"allow":["GET"]}}],"collection":[{"href":"https:\/\/www.medicina.ufmg.br\/internas\/wp-json\/wp\/v2\/posts"}],"about":[{"href":"https:\/\/www.medicina.ufmg.br\/internas\/wp-json\/wp\/v2\/types\/post"}],"author":[{"embeddable":true,"href":"https:\/\/www.medicina.ufmg.br\/internas\/wp-json\/wp\/v2\/users\/110"}],"replies":[{"embeddable":true,"href":"https:\/\/www.medicina.ufmg.br\/internas\/wp-json\/wp\/v2\/comments?post=82514"}],"version-history":[{"count":1,"href":"https:\/\/www.medicina.ufmg.br\/internas\/wp-json\/wp\/v2\/posts\/82514\/revisions"}],"predecessor-version":[{"id":82515,"href":"https:\/\/www.medicina.ufmg.br\/internas\/wp-json\/wp\/v2\/posts\/82514\/revisions\/82515"}],"wp:attachment":[{"href":"https:\/\/www.medicina.ufmg.br\/internas\/wp-json\/wp\/v2\/media?parent=82514"}],"wp:term":[{"taxonomy":"category","embeddable":true,"href":"https:\/\/www.medicina.ufmg.br\/internas\/wp-json\/wp\/v2\/categories?post=82514"},{"taxonomy":"post_tag","embeddable":true,"href":"https:\/\/www.medicina.ufmg.br\/internas\/wp-json\/wp\/v2\/tags?post=82514"}],"curies":[{"name":"wp","href":"https:\/\/api.w.org\/{rel}","templated":true}]}}