{"id":144,"date":"2018-08-01T19:48:02","date_gmt":"2018-08-01T19:48:02","guid":{"rendered":"https:\/\/www.medicina.ufmg.br\/mps\/?p=144"},"modified":"2018-09-10T19:14:46","modified_gmt":"2018-09-10T19:14:46","slug":"concurso-professor-auxiliar-40h","status":"publish","type":"post","link":"https:\/\/www.medicina.ufmg.br\/mps\/2018\/08\/01\/concurso-professor-auxiliar-40h\/","title":{"rendered":"Concurso Professor Auxiliar &#8211; 40h"},"content":{"rendered":"<p><a href=\"https:\/\/www.medicina.ufmg.br\/editais\/?professores=concurso-do-departamento-de-medicina-preventiva-e-social-area-de-conhecimento-saude-publica\" target=\"_blank\" rel=\"noopener\">Clique aqui<\/a> para acessar a publica\u00e7\u00e3o com o edital.<\/p>\n<p>Est\u00e3o abertas as inscri\u00e7\u00f5es para Concurso Professor Auxiliar, regime 40 horas semanais para o Departamento de Medicina Preventiva Social.<\/p>\n<p>As inscri\u00e7\u00f5es dever\u00e3o ser realizadas na Secretaria Geral da Faculdade de Medicina .<\/p>\n<p><strong>Local:<\/strong>\u00a0Av. Alfredo Balena 190 \u2013 sala 081 t\u00e9rreo<br \/>\n<strong>Dia:<\/strong>\u00a0at\u00e9 o dia 30\/08\/2018.<br \/>\n<strong>Hor\u00e1rio:<\/strong>\u00a008:30 \u00e1s 11:00 e de 14:00 \u00e1s 16:00 nos dias \u00fateis<\/p>\n<p><strong>Vagas:<\/strong>\u00a001<\/p>\n","protected":false},"excerpt":{"rendered":"<p>Clique aqui para acessar a publica\u00e7\u00e3o com o edital. Est\u00e3o abertas as inscri\u00e7\u00f5es para Concurso Professor Auxiliar, regime 40 horas semanais para o Departamento de Medicina Preventiva Social. As inscri\u00e7\u00f5es dever\u00e3o ser realizadas na Secretaria Geral da Faculdade de Medicina . Local:\u00a0Av. Alfredo Balena 190 \u2013 sala 081 t\u00e9rreo Dia:\u00a0at\u00e9 o dia 30\/08\/2018. Hor\u00e1rio:\u00a008:30 \u00e1s [&hellip;]<\/p>\n","protected":false},"author":33,"featured_media":0,"comment_status":"closed","ping_status":"closed","sticky":false,"template":"","format":"standard","meta":{"footnotes":""},"categories":[1],"tags":[],"class_list":["post-144","post","type-post","status-publish","format-standard","hentry","category-comunicados"],"_links":{"self":[{"href":"https:\/\/www.medicina.ufmg.br\/mps\/wp-json\/wp\/v2\/posts\/144","targetHints":{"allow":["GET"]}}],"collection":[{"href":"https:\/\/www.medicina.ufmg.br\/mps\/wp-json\/wp\/v2\/posts"}],"about":[{"href":"https:\/\/www.medicina.ufmg.br\/mps\/wp-json\/wp\/v2\/types\/post"}],"author":[{"embeddable":true,"href":"https:\/\/www.medicina.ufmg.br\/mps\/wp-json\/wp\/v2\/users\/33"}],"replies":[{"embeddable":true,"href":"https:\/\/www.medicina.ufmg.br\/mps\/wp-json\/wp\/v2\/comments?post=144"}],"version-history":[{"count":4,"href":"https:\/\/www.medicina.ufmg.br\/mps\/wp-json\/wp\/v2\/posts\/144\/revisions"}],"predecessor-version":[{"id":153,"href":"https:\/\/www.medicina.ufmg.br\/mps\/wp-json\/wp\/v2\/posts\/144\/revisions\/153"}],"wp:attachment":[{"href":"https:\/\/www.medicina.ufmg.br\/mps\/wp-json\/wp\/v2\/media?parent=144"}],"wp:term":[{"taxonomy":"category","embeddable":true,"href":"https:\/\/www.medicina.ufmg.br\/mps\/wp-json\/wp\/v2\/categories?post=144"},{"taxonomy":"post_tag","embeddable":true,"href":"https:\/\/www.medicina.ufmg.br\/mps\/wp-json\/wp\/v2\/tags?post=144"}],"curies":[{"name":"wp","href":"https:\/\/api.w.org\/{rel}","templated":true}]}}