{"id":1855,"date":"2019-06-28T18:03:00","date_gmt":"2019-06-28T18:03:00","guid":{"rendered":"https:\/\/www.medicina.ufmg.br\/observaped\/?p=1855"},"modified":"2019-06-28T18:03:28","modified_gmt":"2019-06-28T18:03:28","slug":"fissura-mamaria","status":"publish","type":"post","link":"https:\/\/www.medicina.ufmg.br\/observaped\/fissura-mamaria\/","title":{"rendered":"Fissura mam\u00e1ria"},"content":{"rendered":"\n<div class=\"wp-block-image\"><figure class=\"alignright\"><img fetchpriority=\"high\" decoding=\"async\" width=\"482\" height=\"580\" src=\"https:\/\/www.medicina.ufmg.br\/observaped\/wp-content\/uploads\/sites\/37\/2019\/06\/fissura-mam\u00e1ria.jpg\" alt=\"\" class=\"wp-image-1856\" srcset=\"https:\/\/www.medicina.ufmg.br\/observaped\/wp-content\/uploads\/sites\/37\/2019\/06\/fissura-mam\u00e1ria.jpg 482w, https:\/\/www.medicina.ufmg.br\/observaped\/wp-content\/uploads\/sites\/37\/2019\/06\/fissura-mam\u00e1ria-249x300.jpg 249w, https:\/\/www.medicina.ufmg.br\/observaped\/wp-content\/uploads\/sites\/37\/2019\/06\/fissura-mam\u00e1ria-250x301.jpg 250w, https:\/\/www.medicina.ufmg.br\/observaped\/wp-content\/uploads\/sites\/37\/2019\/06\/fissura-mam\u00e1ria-150x180.jpg 150w, https:\/\/www.medicina.ufmg.br\/observaped\/wp-content\/uploads\/sites\/37\/2019\/06\/fissura-mam\u00e1ria-416x500.jpg 416w\" sizes=\"(max-width: 482px) 100vw, 482px\" \/><\/figure><\/div>\n\n\n\n<p>Fissura mam\u00e1ria \u00e9 a les\u00e3o do tecido do mamilo pela press\u00e3o\nrealizada pelo beb\u00ea quando a pega ao mamar \u00e9 inadequada. <\/p>\n\n\n\n<p>Durante a amamenta\u00e7\u00e3o, a posi\u00e7\u00e3o deve ser confort\u00e1vel para a m\u00e3e. Para saber se a t\u00e9cnica est\u00e1 sendo realizada corretamente, observe se:<br>\u00a0&#8211; A m\u00e3e apoia todo o corpo da crian\u00e7a e n\u00e3o apenas pesco\u00e7o e ombros<br>\u00a0&#8211; O corpo da crian\u00e7a est\u00e1 alinhado com o da m\u00e3e<br>\u00a0&#8211; O queixo da crian\u00e7a toca o seio<br>\u00a0&#8211; A boca est\u00e1 bem aberta<br>\u00a0&#8211; O l\u00e1bio inferior est\u00e1 voltado para fora<br>\u00a0&#8211; A ar\u00e9ola est\u00e1 mais vis\u00edvel acima da boca que abaixo<br>\u00a0&#8211; A crian\u00e7a est\u00e1 sugando bem, com movimentos lentos e profundos e pausas ocasionais.<\/p>\n\n\n\n<p>Para o tratamento das fissuras, \u00e9 importante deixar o mamilo exposto ao ar e ao sol, n\u00e3o usar sabonetes ou subst\u00e2ncia antiss\u00e9ptica. Pode-se limitar o tempo da mamada oferecendo o peito mais vezes. O mamilo deve ser retirado da boca da crian\u00e7a com o uso do dedo m\u00ednimo e com cuidado.<\/p>\n\n\n\n<p>Imagem dispon\u00edvel em: http:\/\/bit.ly\/2ZYmV2T<\/p>\n","protected":false},"excerpt":{"rendered":"<p>Fissura mam\u00e1ria \u00e9 a les\u00e3o do tecido do mamilo pela press\u00e3o realizada pelo beb\u00ea quando a pega ao mamar \u00e9&#8230;<\/p>\n","protected":false},"author":33,"featured_media":0,"comment_status":"closed","ping_status":"closed","sticky":false,"template":"","format":"standard","meta":{"footnotes":""},"categories":[40,12],"tags":[],"class_list":["post-1855","post","type-post","status-publish","format-standard","hentry","category-c27-f","category-pediatria-de-a-a-z"],"_links":{"self":[{"href":"https:\/\/www.medicina.ufmg.br\/observaped\/wp-json\/wp\/v2\/posts\/1855","targetHints":{"allow":["GET"]}}],"collection":[{"href":"https:\/\/www.medicina.ufmg.br\/observaped\/wp-json\/wp\/v2\/posts"}],"about":[{"href":"https:\/\/www.medicina.ufmg.br\/observaped\/wp-json\/wp\/v2\/types\/post"}],"author":[{"embeddable":true,"href":"https:\/\/www.medicina.ufmg.br\/observaped\/wp-json\/wp\/v2\/users\/33"}],"replies":[{"embeddable":true,"href":"https:\/\/www.medicina.ufmg.br\/observaped\/wp-json\/wp\/v2\/comments?post=1855"}],"version-history":[{"count":1,"href":"https:\/\/www.medicina.ufmg.br\/observaped\/wp-json\/wp\/v2\/posts\/1855\/revisions"}],"predecessor-version":[{"id":1857,"href":"https:\/\/www.medicina.ufmg.br\/observaped\/wp-json\/wp\/v2\/posts\/1855\/revisions\/1857"}],"wp:attachment":[{"href":"https:\/\/www.medicina.ufmg.br\/observaped\/wp-json\/wp\/v2\/media?parent=1855"}],"wp:term":[{"taxonomy":"category","embeddable":true,"href":"https:\/\/www.medicina.ufmg.br\/observaped\/wp-json\/wp\/v2\/categories?post=1855"},{"taxonomy":"post_tag","embeddable":true,"href":"https:\/\/www.medicina.ufmg.br\/observaped\/wp-json\/wp\/v2\/tags?post=1855"}],"curies":[{"name":"wp","href":"https:\/\/api.w.org\/{rel}","templated":true}]}}