{"id":1864,"date":"2019-06-28T18:14:52","date_gmt":"2019-06-28T18:14:52","guid":{"rendered":"https:\/\/www.medicina.ufmg.br\/observaped\/?p=1864"},"modified":"2019-06-28T18:14:54","modified_gmt":"2019-06-28T18:14:54","slug":"repelentes","status":"publish","type":"post","link":"https:\/\/www.medicina.ufmg.br\/observaped\/repelentes\/","title":{"rendered":"Repelentes"},"content":{"rendered":"\n<p>A incid\u00eancia de doen\u00e7as transmitidas por inseto, como\ndengue, zika e Chikungunya, \u00e9 muito alta no Brasil, especialmente em \u00e9pocas do\nano com aumento de chuvas e do calor. <\/p>\n\n\n\n<p>Para proteger as crian\u00e7as e adolescentes \u00e9 recomendado:<br>&#8211; utiliza\u00e7\u00e3o de telas e mosqueteiros nos ber\u00e7os e em janelas<br>&#8211; uso de roupas de mangas e de cal\u00e7a longas<br>&#8211; aplica\u00e7\u00e3o de spray permetrina 0,5% em roupas e telas, nunca diretamente na pele da crian\u00e7a<br>&#8211; coloca\u00e7\u00e3o de repelentes el\u00e9tricos pr\u00f3ximos a portas e janelas<\/p>\n\n\n\n<p>O uso de repelente diretamente na pele n\u00e3o \u00e9 recomendado de\nmodo cont\u00ednuo ou mesmo durante o sono. Esse tipo de repelente pode ser usado em\npasseios em locais abertos, no qual os outros m\u00e9todos de prote\u00e7\u00e3o anteriormente\ncitados n\u00e3o s\u00e3o poss\u00edveis. Cada produto apresenta sua pr\u00f3pria indica\u00e7\u00e3o de\nfaixa et\u00e1ria, devendo ser cuidadosamente lido ou questionado com o profissional\nde sa\u00fade para maiores informa\u00e7\u00f5es. <\/p>\n\n\n\n<p>Alguns cuidados quanto \u00e0 aplica\u00e7\u00e3o dos produtos s\u00e3o universais, como: <br>&#8211; nunca aplicar na m\u00e3o da crian\u00e7a para que ela mesma possa passar o repelente no seu corpo<br>&#8211; n\u00e3o utilizar nenhum repelente em crian\u00e7as menores de dois meses<br>&#8211; n\u00e3o aplicar pr\u00f3ximo a bocas, nariz, olhos e machucados<br>&#8211; optar pelo repelente na forma de creme e n\u00e3o de spray<\/p>\n\n\n\n<p>Em caso de suspeita de intoxica\u00e7\u00e3o ou de rea\u00e7\u00e3o adversa,\nlave a \u00e1rea exposta e leve a crian\u00e7a a um servi\u00e7o m\u00e9dico.<\/p>\n\n\n\n<div class=\"wp-block-image\"><figure class=\"aligncenter\"><img fetchpriority=\"high\" decoding=\"async\" width=\"526\" height=\"485\" src=\"https:\/\/www.medicina.ufmg.br\/observaped\/wp-content\/uploads\/sites\/37\/2019\/06\/repelente.jpg\" alt=\"\" class=\"wp-image-1865\" srcset=\"https:\/\/www.medicina.ufmg.br\/observaped\/wp-content\/uploads\/sites\/37\/2019\/06\/repelente.jpg 526w, https:\/\/www.medicina.ufmg.br\/observaped\/wp-content\/uploads\/sites\/37\/2019\/06\/repelente-300x277.jpg 300w, https:\/\/www.medicina.ufmg.br\/observaped\/wp-content\/uploads\/sites\/37\/2019\/06\/repelente-250x231.jpg 250w, https:\/\/www.medicina.ufmg.br\/observaped\/wp-content\/uploads\/sites\/37\/2019\/06\/repelente-195x180.jpg 195w, https:\/\/www.medicina.ufmg.br\/observaped\/wp-content\/uploads\/sites\/37\/2019\/06\/repelente-325x300.jpg 325w\" sizes=\"(max-width: 526px) 100vw, 526px\" \/><\/figure><\/div>\n\n\n\n<p>Tabela disponibilizada pela Sociedade Brasileira de\nPediatria<\/p>\n","protected":false},"excerpt":{"rendered":"<p>A incid\u00eancia de doen\u00e7as transmitidas por inseto, como dengue, zika e Chikungunya, \u00e9 muito alta no Brasil, especialmente em \u00e9pocas&#8230;<\/p>\n","protected":false},"author":33,"featured_media":0,"comment_status":"closed","ping_status":"closed","sticky":false,"template":"","format":"standard","meta":{"footnotes":""},"categories":[12,17],"tags":[],"class_list":["post-1864","post","type-post","status-publish","format-standard","hentry","category-pediatria-de-a-a-z","category-c39-r"],"_links":{"self":[{"href":"https:\/\/www.medicina.ufmg.br\/observaped\/wp-json\/wp\/v2\/posts\/1864","targetHints":{"allow":["GET"]}}],"collection":[{"href":"https:\/\/www.medicina.ufmg.br\/observaped\/wp-json\/wp\/v2\/posts"}],"about":[{"href":"https:\/\/www.medicina.ufmg.br\/observaped\/wp-json\/wp\/v2\/types\/post"}],"author":[{"embeddable":true,"href":"https:\/\/www.medicina.ufmg.br\/observaped\/wp-json\/wp\/v2\/users\/33"}],"replies":[{"embeddable":true,"href":"https:\/\/www.medicina.ufmg.br\/observaped\/wp-json\/wp\/v2\/comments?post=1864"}],"version-history":[{"count":1,"href":"https:\/\/www.medicina.ufmg.br\/observaped\/wp-json\/wp\/v2\/posts\/1864\/revisions"}],"predecessor-version":[{"id":1866,"href":"https:\/\/www.medicina.ufmg.br\/observaped\/wp-json\/wp\/v2\/posts\/1864\/revisions\/1866"}],"wp:attachment":[{"href":"https:\/\/www.medicina.ufmg.br\/observaped\/wp-json\/wp\/v2\/media?parent=1864"}],"wp:term":[{"taxonomy":"category","embeddable":true,"href":"https:\/\/www.medicina.ufmg.br\/observaped\/wp-json\/wp\/v2\/categories?post=1864"},{"taxonomy":"post_tag","embeddable":true,"href":"https:\/\/www.medicina.ufmg.br\/observaped\/wp-json\/wp\/v2\/tags?post=1864"}],"curies":[{"name":"wp","href":"https:\/\/api.w.org\/{rel}","templated":true}]}}