{"id":1924,"date":"2019-09-18T19:00:37","date_gmt":"2019-09-18T19:00:37","guid":{"rendered":"https:\/\/www.medicina.ufmg.br\/observaped\/?p=1924"},"modified":"2019-09-18T19:00:39","modified_gmt":"2019-09-18T19:00:39","slug":"morte-subita-no-recem-nascido","status":"publish","type":"post","link":"https:\/\/www.medicina.ufmg.br\/observaped\/morte-subita-no-recem-nascido\/","title":{"rendered":"Morte s\u00fabita no rec\u00e9m nascido"},"content":{"rendered":"\n<div class=\"wp-block-image\"><figure class=\"alignright is-resized\"><img fetchpriority=\"high\" decoding=\"async\" src=\"https:\/\/www.medicina.ufmg.br\/observaped\/wp-content\/uploads\/sites\/37\/2019\/09\/barriga-pra-cima-2.jpg\" alt=\"\" class=\"wp-image-1925\" width=\"319\" height=\"217\" srcset=\"https:\/\/www.medicina.ufmg.br\/observaped\/wp-content\/uploads\/sites\/37\/2019\/09\/barriga-pra-cima-2.jpg 470w, https:\/\/www.medicina.ufmg.br\/observaped\/wp-content\/uploads\/sites\/37\/2019\/09\/barriga-pra-cima-2-300x204.jpg 300w, https:\/\/www.medicina.ufmg.br\/observaped\/wp-content\/uploads\/sites\/37\/2019\/09\/barriga-pra-cima-2-250x170.jpg 250w, https:\/\/www.medicina.ufmg.br\/observaped\/wp-content\/uploads\/sites\/37\/2019\/09\/barriga-pra-cima-2-264x180.jpg 264w, https:\/\/www.medicina.ufmg.br\/observaped\/wp-content\/uploads\/sites\/37\/2019\/09\/barriga-pra-cima-2-441x300.jpg 441w\" sizes=\"(max-width: 319px) 100vw, 319px\" \/><\/figure><\/div>\n\n\n\n<p class=\"wp-block-paragraph\">A morte s\u00fabita do rec\u00e9m-nascido ou S\u00edndrome da Morte S\u00fabita\ndo Lactente (SMSL) \u00e9 a morte s\u00fabita e inesperada, durante o sono, mais comum\nem&nbsp; crian\u00e7as entre o segundo e o quarto\nm\u00eas de vida. N\u00e3o existe previamente nenhum sinal consistente indicando que o\nbeb\u00ea est\u00e1 em risco de vida.<\/p>\n\n\n\n<p class=\"wp-block-paragraph\">No entanto, os seguintes fatores de risco podem ser\nobservados:<\/p>\n\n\n\n<p class=\"wp-block-paragraph\">&#8211; beb\u00eas que dormem de barriga pra baixo; <br>&#8211; m\u00e3e adolescente; <br>&#8211; m\u00e3e com muitos filhos com intervalo curto entre as gesta\u00e7\u00f5es; <br>&#8211; aus\u00eancia de pr\u00e9-natal; <br>&#8211; prematuridade; <br>&#8211; baixo peso ao nascer; <br>&#8211; conviv\u00eancia com fumantes e filhos de pais fumantes. <\/p>\n\n\n\n<p class=\"wp-block-paragraph\">Algumas medidas podem ser adotadas para preven\u00e7\u00e3o como:<br>&#8211; colocar o beb\u00ea para dormir de barriga para cima; <br>&#8211; manter os rec\u00e9m-nascidos em ambiente sem contato com cigarro antes e ap\u00f3s o nascimento; <br>&#8211; cuidado com tecidos que possam cobrir o rosto da crian\u00e7a. <br>&#8211; aleitamento materno; <br>&#8211; dormir no mesmo quarto dos pais nos primeiros meses, mas sem compartilhar o leito com a crian\u00e7a; <br>&#8211; evitar \u00e1lcool e drogas il\u00edcitas durante e ap\u00f3s a gesta\u00e7\u00e3o; <br>&#8211; manter a vacina\u00e7\u00e3o da crian\u00e7a em dia. <\/p>\n\n\n\n<p class=\"wp-block-paragraph\">Imagem dispon\u00edvel em: http:\/\/bit.ly\/31VnTOt<\/p>\n","protected":false},"excerpt":{"rendered":"<p>A morte s\u00fabita do rec\u00e9m-nascido ou S\u00edndrome da Morte S\u00fabita do Lactente (SMSL) \u00e9 a morte s\u00fabita e inesperada, durante&#8230;<\/p>\n","protected":false},"author":33,"featured_media":0,"comment_status":"closed","ping_status":"closed","sticky":false,"template":"","format":"standard","meta":{"footnotes":""},"categories":[48,12],"tags":[],"class_list":["post-1924","post","type-post","status-publish","format-standard","hentry","category-c34-m","category-pediatria-de-a-a-z"],"_links":{"self":[{"href":"https:\/\/www.medicina.ufmg.br\/observaped\/wp-json\/wp\/v2\/posts\/1924","targetHints":{"allow":["GET"]}}],"collection":[{"href":"https:\/\/www.medicina.ufmg.br\/observaped\/wp-json\/wp\/v2\/posts"}],"about":[{"href":"https:\/\/www.medicina.ufmg.br\/observaped\/wp-json\/wp\/v2\/types\/post"}],"author":[{"embeddable":true,"href":"https:\/\/www.medicina.ufmg.br\/observaped\/wp-json\/wp\/v2\/users\/33"}],"replies":[{"embeddable":true,"href":"https:\/\/www.medicina.ufmg.br\/observaped\/wp-json\/wp\/v2\/comments?post=1924"}],"version-history":[{"count":1,"href":"https:\/\/www.medicina.ufmg.br\/observaped\/wp-json\/wp\/v2\/posts\/1924\/revisions"}],"predecessor-version":[{"id":1926,"href":"https:\/\/www.medicina.ufmg.br\/observaped\/wp-json\/wp\/v2\/posts\/1924\/revisions\/1926"}],"wp:attachment":[{"href":"https:\/\/www.medicina.ufmg.br\/observaped\/wp-json\/wp\/v2\/media?parent=1924"}],"wp:term":[{"taxonomy":"category","embeddable":true,"href":"https:\/\/www.medicina.ufmg.br\/observaped\/wp-json\/wp\/v2\/categories?post=1924"},{"taxonomy":"post_tag","embeddable":true,"href":"https:\/\/www.medicina.ufmg.br\/observaped\/wp-json\/wp\/v2\/tags?post=1924"}],"curies":[{"name":"wp","href":"https:\/\/api.w.org\/{rel}","templated":true}]}}