{"id":1950,"date":"2020-01-30T19:56:17","date_gmt":"2020-01-30T19:56:17","guid":{"rendered":"https:\/\/www.medicina.ufmg.br\/observaped\/?p=1950"},"modified":"2020-01-30T20:10:06","modified_gmt":"2020-01-30T20:10:06","slug":"competicao-sonora-e-voz","status":"publish","type":"post","link":"https:\/\/www.medicina.ufmg.br\/observaped\/competicao-sonora-e-voz\/","title":{"rendered":"Competi\u00e7\u00e3o sonora e voz"},"content":{"rendered":"\n<div class=\"wp-block-image\"><figure class=\"alignright size-large is-resized\"><img fetchpriority=\"high\" decoding=\"async\" src=\"https:\/\/www.medicina.ufmg.br\/observaped\/wp-content\/uploads\/sites\/37\/2020\/01\/competi\u00e7\u00e3o-sonora.jpg\" alt=\"\" class=\"wp-image-1951\" width=\"360\" height=\"239\" srcset=\"https:\/\/www.medicina.ufmg.br\/observaped\/wp-content\/uploads\/sites\/37\/2020\/01\/competi\u00e7\u00e3o-sonora.jpg 960w, https:\/\/www.medicina.ufmg.br\/observaped\/wp-content\/uploads\/sites\/37\/2020\/01\/competi\u00e7\u00e3o-sonora-300x200.jpg 300w, https:\/\/www.medicina.ufmg.br\/observaped\/wp-content\/uploads\/sites\/37\/2020\/01\/competi\u00e7\u00e3o-sonora-768x512.jpg 768w, https:\/\/www.medicina.ufmg.br\/observaped\/wp-content\/uploads\/sites\/37\/2020\/01\/competi\u00e7\u00e3o-sonora-250x167.jpg 250w, https:\/\/www.medicina.ufmg.br\/observaped\/wp-content\/uploads\/sites\/37\/2020\/01\/competi\u00e7\u00e3o-sonora-550x367.jpg 550w, https:\/\/www.medicina.ufmg.br\/observaped\/wp-content\/uploads\/sites\/37\/2020\/01\/competi\u00e7\u00e3o-sonora-800x533.jpg 800w, https:\/\/www.medicina.ufmg.br\/observaped\/wp-content\/uploads\/sites\/37\/2020\/01\/competi\u00e7\u00e3o-sonora-270x180.jpg 270w, https:\/\/www.medicina.ufmg.br\/observaped\/wp-content\/uploads\/sites\/37\/2020\/01\/competi\u00e7\u00e3o-sonora-450x300.jpg 450w, https:\/\/www.medicina.ufmg.br\/observaped\/wp-content\/uploads\/sites\/37\/2020\/01\/competi\u00e7\u00e3o-sonora-750x500.jpg 750w\" sizes=\"(max-width: 360px) 100vw, 360px\" \/><\/figure><\/div>\n\n\n\n<p class=\"wp-block-paragraph\">A presen\u00e7a de ru\u00eddo intenso no ambiente, durante a fala, provoca competi\u00e7\u00e3o sonora entre voz e ru\u00eddo. Essa competi\u00e7\u00e3o cont\u00ednua leva ao abuso ou mau uso da voz. <\/p>\n\n\n\n<!--more-->\n\n\n\n<p class=\"wp-block-paragraph\">Ambientes com muito ru\u00eddo ambiental (pessoas conversando, m\u00fasica em volume alto, m\u00e1quinas barulhentas, etc..) resultam em uma fala com maior intensidade, que pode gerar desgaste da voz. Com o tempo, esse desgaste pode produzir altera\u00e7\u00f5es nas pregas vocais (Guidini et al, 2012.) Ao falar em ambientes com ru\u00eddo intenso, mantenha a intensidade vocal em um volume moderado e articule bem as palavras. Use amplificador sonoro (microfone) sempre que poss\u00edvel, ou aproxime-se das pessoas para falar.<\/p>\n\n\n\n<p class=\"wp-block-paragraph\"><strong>Leia mais em: <\/strong><a href=\"http:\/\/www.scielo.br\/scielo.php?script=sci_arttext&amp;pid=S1516-80342012000400006\">http:\/\/www.scielo.br\/scielo.php?script=sci_arttext&amp;pid=S1516-80342012000400006<\/a>\n<\/p>\n","protected":false},"excerpt":{"rendered":"<p>A presen\u00e7a de ru\u00eddo intenso no ambiente, durante a fala, provoca competi\u00e7\u00e3o sonora entre voz e ru\u00eddo. Essa competi\u00e7\u00e3o cont\u00ednua&#8230;<\/p>\n","protected":false},"author":33,"featured_media":0,"comment_status":"open","ping_status":"open","sticky":false,"template":"","format":"standard","meta":{"footnotes":""},"categories":[32,12],"tags":[],"class_list":["post-1950","post","type-post","status-publish","format-standard","hentry","category-c24-c","category-pediatria-de-a-a-z"],"_links":{"self":[{"href":"https:\/\/www.medicina.ufmg.br\/observaped\/wp-json\/wp\/v2\/posts\/1950","targetHints":{"allow":["GET"]}}],"collection":[{"href":"https:\/\/www.medicina.ufmg.br\/observaped\/wp-json\/wp\/v2\/posts"}],"about":[{"href":"https:\/\/www.medicina.ufmg.br\/observaped\/wp-json\/wp\/v2\/types\/post"}],"author":[{"embeddable":true,"href":"https:\/\/www.medicina.ufmg.br\/observaped\/wp-json\/wp\/v2\/users\/33"}],"replies":[{"embeddable":true,"href":"https:\/\/www.medicina.ufmg.br\/observaped\/wp-json\/wp\/v2\/comments?post=1950"}],"version-history":[{"count":2,"href":"https:\/\/www.medicina.ufmg.br\/observaped\/wp-json\/wp\/v2\/posts\/1950\/revisions"}],"predecessor-version":[{"id":1973,"href":"https:\/\/www.medicina.ufmg.br\/observaped\/wp-json\/wp\/v2\/posts\/1950\/revisions\/1973"}],"wp:attachment":[{"href":"https:\/\/www.medicina.ufmg.br\/observaped\/wp-json\/wp\/v2\/media?parent=1950"}],"wp:term":[{"taxonomy":"category","embeddable":true,"href":"https:\/\/www.medicina.ufmg.br\/observaped\/wp-json\/wp\/v2\/categories?post=1950"},{"taxonomy":"post_tag","embeddable":true,"href":"https:\/\/www.medicina.ufmg.br\/observaped\/wp-json\/wp\/v2\/tags?post=1950"}],"curies":[{"name":"wp","href":"https:\/\/api.w.org\/{rel}","templated":true}]}}