{"id":200,"date":"2012-04-09T18:49:20","date_gmt":"2012-04-09T18:49:20","guid":{"rendered":"http:\/\/observaped.new\/2012\/04\/09\/roseola-infantil\/"},"modified":"2015-12-22T16:10:18","modified_gmt":"2015-12-22T16:10:18","slug":"roseola-infantil","status":"publish","type":"post","link":"https:\/\/www.medicina.ufmg.br\/observaped\/roseola-infantil\/","title":{"rendered":"Ros\u00e9ola infantil"},"content":{"rendered":"<p><strong>Tamb\u00e9m conhecida como exantema s\u00fabito, \u00e9 uma doen\u00e7a exantem\u00e1tica febril que acomete principalmente crian\u00e7as entre seis meses e tr\u00eas anos de idade. Sua causa \u00e9 o herpesv\u00edrus humano tipo 6, que \u00e9 transmitido pelas secre\u00e7\u00f5es respirat\u00f3rias.<\/strong><!--more--><\/p>\n<p>Sete a 15 dias ap\u00f3s o cont\u00e1gio a crian\u00e7a apresenta febre alta, perda do apetite e irritabilidade. Ap\u00f3s cerca de tr\u00eas dias de febre, aparece, subitamente, o exantema, o que coincide com o desaparecimento da febre. O exantema come\u00e7a no tronco espalhando pelo pesco\u00e7o, rosto e membros. Dura de algumas horas at\u00e9 tr\u00eas dias. O tratamento \u00e9 feito com antit\u00e9rmicos. O m\u00e9dico deve ser procurado para afastar outras doen\u00e7as.<\/p>\n<p>Enquanto a crian\u00e7a apresentar febre ela \u00e9 capaz de transmitir o v\u00edrus e, portanto, deve ser afastada da escola ou creche. N\u00e3o h\u00e1 vacina contra o exantema s\u00fabito.<\/p>\n<div><\/div>\n<p>Ver <a href=\"https:\/\/www.medicina.ufmg.br\/observaped\/exantema-subito\">exantema s\u00fabito<\/a>.<\/p>\n","protected":false},"excerpt":{"rendered":"<p>Tamb\u00e9m conhecida como exantema s\u00fabito, \u00e9 uma doen\u00e7a exantem\u00e1tica febril que acomete principalmente crian\u00e7as entre seis meses e tr\u00eas anos de idade. Sua causa \u00e9 o herpesv\u00edrus humano tipo 6, que \u00e9 transmitido pelas secre\u00e7\u00f5es respirat\u00f3rias.<\/p>\n","protected":false},"author":23,"featured_media":0,"comment_status":"closed","ping_status":"closed","sticky":false,"template":"","format":"standard","meta":{"footnotes":""},"categories":[17],"tags":[129,212],"class_list":["post-200","post","type-post","status-publish","format-standard","hentry","category-c39-r","tag-exantema-subito","tag-roseola-infantil"],"_links":{"self":[{"href":"https:\/\/www.medicina.ufmg.br\/observaped\/wp-json\/wp\/v2\/posts\/200","targetHints":{"allow":["GET"]}}],"collection":[{"href":"https:\/\/www.medicina.ufmg.br\/observaped\/wp-json\/wp\/v2\/posts"}],"about":[{"href":"https:\/\/www.medicina.ufmg.br\/observaped\/wp-json\/wp\/v2\/types\/post"}],"author":[{"embeddable":true,"href":"https:\/\/www.medicina.ufmg.br\/observaped\/wp-json\/wp\/v2\/users\/23"}],"replies":[{"embeddable":true,"href":"https:\/\/www.medicina.ufmg.br\/observaped\/wp-json\/wp\/v2\/comments?post=200"}],"version-history":[{"count":1,"href":"https:\/\/www.medicina.ufmg.br\/observaped\/wp-json\/wp\/v2\/posts\/200\/revisions"}],"predecessor-version":[{"id":921,"href":"https:\/\/www.medicina.ufmg.br\/observaped\/wp-json\/wp\/v2\/posts\/200\/revisions\/921"}],"wp:attachment":[{"href":"https:\/\/www.medicina.ufmg.br\/observaped\/wp-json\/wp\/v2\/media?parent=200"}],"wp:term":[{"taxonomy":"category","embeddable":true,"href":"https:\/\/www.medicina.ufmg.br\/observaped\/wp-json\/wp\/v2\/categories?post=200"},{"taxonomy":"post_tag","embeddable":true,"href":"https:\/\/www.medicina.ufmg.br\/observaped\/wp-json\/wp\/v2\/tags?post=200"}],"curies":[{"name":"wp","href":"https:\/\/api.w.org\/{rel}","templated":true}]}}