{"id":2010,"date":"2020-03-20T15:12:29","date_gmt":"2020-03-20T15:12:29","guid":{"rendered":"https:\/\/www.medicina.ufmg.br\/observaped\/?p=2010"},"modified":"2020-03-20T15:12:29","modified_gmt":"2020-03-20T15:12:29","slug":"purpura-trombocitopenica-imune","status":"publish","type":"post","link":"https:\/\/www.medicina.ufmg.br\/observaped\/purpura-trombocitopenica-imune\/","title":{"rendered":"P\u00farpura Trombocitop\u00eanica Imune"},"content":{"rendered":"\n<div class=\"wp-block-image\"><figure class=\"alignright size-large is-resized\"><img fetchpriority=\"high\" decoding=\"async\" src=\"https:\/\/www.medicina.ufmg.br\/observaped\/wp-content\/uploads\/sites\/37\/2020\/03\/P\u00farpura-trombocitop\u00eanica-imune.jpg\" alt=\"\" class=\"wp-image-2011\" width=\"274\" height=\"274\" srcset=\"https:\/\/www.medicina.ufmg.br\/observaped\/wp-content\/uploads\/sites\/37\/2020\/03\/P\u00farpura-trombocitop\u00eanica-imune.jpg 400w, https:\/\/www.medicina.ufmg.br\/observaped\/wp-content\/uploads\/sites\/37\/2020\/03\/P\u00farpura-trombocitop\u00eanica-imune-300x300.jpg 300w, https:\/\/www.medicina.ufmg.br\/observaped\/wp-content\/uploads\/sites\/37\/2020\/03\/P\u00farpura-trombocitop\u00eanica-imune-150x150.jpg 150w, https:\/\/www.medicina.ufmg.br\/observaped\/wp-content\/uploads\/sites\/37\/2020\/03\/P\u00farpura-trombocitop\u00eanica-imune-48x48.jpg 48w, https:\/\/www.medicina.ufmg.br\/observaped\/wp-content\/uploads\/sites\/37\/2020\/03\/P\u00farpura-trombocitop\u00eanica-imune-250x250.jpg 250w, https:\/\/www.medicina.ufmg.br\/observaped\/wp-content\/uploads\/sites\/37\/2020\/03\/P\u00farpura-trombocitop\u00eanica-imune-180x180.jpg 180w\" sizes=\"(max-width: 274px) 100vw, 274px\" \/><\/figure><\/div>\n\n\n\n<p class=\"wp-block-paragraph\">\u00c9 uma doen\u00e7a que se caracteriza pela destrui\u00e7\u00e3o das plaquetas pelo pr\u00f3prio sistema imune. As plaquetas s\u00e3o c\u00e9lulas importantes no processo de coagula\u00e7\u00e3o inicial do sangue.<\/p>\n\n\n\n<!--more-->\n\n\n\n<p class=\"wp-block-paragraph\">Manifesta-se pela presen\u00e7a de manchas roxas ou avermelhadas na pele (pet\u00e9quias e equimoses) e, menos comumente, na mucosa oral ou nasal. Essas manchas s\u00e3o indicativas de sangramentos decorrentes da trombocitopenia, ou seja, diminui\u00e7\u00e3o do n\u00famero de plaquetas. Ocorre principalmente na inf\u00e2ncia em ambos os sexos e, muitas vezes, aparece cerca de tr\u00eas semanas ap\u00f3s uma infec\u00e7\u00e3o viral. Crian\u00e7as com esses sintomas sempre devem ser atendidas por um m\u00e9dico, que realizar\u00e1 o diagn\u00f3stico por interm\u00e9dio do exame cl\u00ednico e laboratorial.<\/p>\n\n\n\n<p class=\"wp-block-paragraph\">A maioria das crian\u00e7as afetadas n\u00e3o necessita de tratamento medicamentoso, sendo que 80 a 85% dos casos se resolvem espontaneamente dentro dos primeiros seis meses de diagn\u00f3stico. O mais alto risco de sangramento ocorre no primeiro m\u00eas de diagn\u00f3stico e, assim, deve-se limitar a atividade f\u00edsica da crian\u00e7a, n\u00e3o utilizar medicamentos \u00e0 base de \u00e1cido acetilsalic\u00edlico e n\u00e3o vacinar neste per\u00edodo. N\u00e3o h\u00e1 necessidade de interna\u00e7\u00e3o, a n\u00e3o ser nos casos de sangramentos graves.<\/p>\n\n\n\n<p class=\"wp-block-paragraph\">Imagem dispon\u00edvel em: <a href=\"http:\/\/bit.ly\/37HCNdT\">http:\/\/bit.ly\/37HCNdT<\/a><\/p>\n","protected":false},"excerpt":{"rendered":"<p>\u00c9 uma doen\u00e7a que se caracteriza pela destrui\u00e7\u00e3o das plaquetas pelo pr\u00f3prio sistema imune. As plaquetas s\u00e3o c\u00e9lulas importantes no&#8230;<\/p>\n","protected":false},"author":33,"featured_media":0,"comment_status":"open","ping_status":"open","sticky":false,"template":"","format":"standard","meta":{"footnotes":""},"categories":[51,12],"tags":[],"class_list":["post-2010","post","type-post","status-publish","format-standard","hentry","category-c37-p","category-pediatria-de-a-a-z"],"_links":{"self":[{"href":"https:\/\/www.medicina.ufmg.br\/observaped\/wp-json\/wp\/v2\/posts\/2010","targetHints":{"allow":["GET"]}}],"collection":[{"href":"https:\/\/www.medicina.ufmg.br\/observaped\/wp-json\/wp\/v2\/posts"}],"about":[{"href":"https:\/\/www.medicina.ufmg.br\/observaped\/wp-json\/wp\/v2\/types\/post"}],"author":[{"embeddable":true,"href":"https:\/\/www.medicina.ufmg.br\/observaped\/wp-json\/wp\/v2\/users\/33"}],"replies":[{"embeddable":true,"href":"https:\/\/www.medicina.ufmg.br\/observaped\/wp-json\/wp\/v2\/comments?post=2010"}],"version-history":[{"count":1,"href":"https:\/\/www.medicina.ufmg.br\/observaped\/wp-json\/wp\/v2\/posts\/2010\/revisions"}],"predecessor-version":[{"id":2012,"href":"https:\/\/www.medicina.ufmg.br\/observaped\/wp-json\/wp\/v2\/posts\/2010\/revisions\/2012"}],"wp:attachment":[{"href":"https:\/\/www.medicina.ufmg.br\/observaped\/wp-json\/wp\/v2\/media?parent=2010"}],"wp:term":[{"taxonomy":"category","embeddable":true,"href":"https:\/\/www.medicina.ufmg.br\/observaped\/wp-json\/wp\/v2\/categories?post=2010"},{"taxonomy":"post_tag","embeddable":true,"href":"https:\/\/www.medicina.ufmg.br\/observaped\/wp-json\/wp\/v2\/tags?post=2010"}],"curies":[{"name":"wp","href":"https:\/\/api.w.org\/{rel}","templated":true}]}}