{"id":2281,"date":"2020-06-19T20:19:16","date_gmt":"2020-06-19T20:19:16","guid":{"rendered":"https:\/\/www.medicina.ufmg.br\/observaped\/?p=2281"},"modified":"2020-06-19T20:19:18","modified_gmt":"2020-06-19T20:19:18","slug":"glaucoma","status":"publish","type":"post","link":"https:\/\/www.medicina.ufmg.br\/observaped\/glaucoma\/","title":{"rendered":"Glaucoma"},"content":{"rendered":"\n<div class=\"wp-block-image\"><figure class=\"alignright size-large is-resized\"><img fetchpriority=\"high\" decoding=\"async\" src=\"https:\/\/www.medicina.ufmg.br\/observaped\/wp-content\/uploads\/sites\/37\/2020\/06\/Glaucoma-1024x575.jpg\" alt=\"\" class=\"wp-image-2282\" width=\"348\" height=\"194\" srcset=\"https:\/\/www.medicina.ufmg.br\/observaped\/wp-content\/uploads\/sites\/37\/2020\/06\/Glaucoma-1024x575.jpg 1024w, https:\/\/www.medicina.ufmg.br\/observaped\/wp-content\/uploads\/sites\/37\/2020\/06\/Glaucoma-768x431.jpg 768w, https:\/\/www.medicina.ufmg.br\/observaped\/wp-content\/uploads\/sites\/37\/2020\/06\/Glaucoma-250x140.jpg 250w, https:\/\/www.medicina.ufmg.br\/observaped\/wp-content\/uploads\/sites\/37\/2020\/06\/Glaucoma-800x449.jpg 800w, https:\/\/www.medicina.ufmg.br\/observaped\/wp-content\/uploads\/sites\/37\/2020\/06\/Glaucoma.jpg 1200w\" sizes=\"(max-width: 348px) 100vw, 348px\" \/><\/figure><\/div>\n\n\n\n<p class=\"wp-block-paragraph\">O glaucoma \u00e9 uma doen\u00e7a que causa degenera\u00e7\u00e3o dos nervos relacionados \u00e0 vis\u00e3o. Geralmente \u00e9 relacionado ao aumento da press\u00e3o dentro do olho. Na crian\u00e7a, o glaucoma cong\u00eanito \u00e9 uma das principais causas de cegueira junto com a<a href=\"https:\/\/www.medicina.ufmg.br\/observaped\/catarata-congenita\/\"> catarata cong\u00eanita<\/a>.<\/p>\n\n\n\n<!--more-->\n\n\n\n<p class=\"wp-block-paragraph\">Os principais sinais e sintomas podem aparecer desde o nascimento ou durante os 3 primeiros anos de vida:<\/p>\n\n\n\n<ul class=\"wp-block-list\"><li>Lacrimejamento excessivo<\/li><li> <a href=\"https:\/\/www.medicina.ufmg.br\/observaped\/fotofobia\/\">Sensibilidade \u00e0 luz<\/a> <\/li><li> Movimenta\u00e7\u00e3o involunt\u00e1ria da p\u00e1lpebra<\/li><li> Diferen\u00e7a no tamanho dos olhos<\/li><li> Olhos nublados (sem brilho)<\/li><li> Vermelhid\u00e3o dos olhos<\/li><li> Com o aparecimento desses sintomas, principalmente da tr\u00edade (lacrimejamento, fotofobia e movimenta\u00e7\u00e3o involunt\u00e1ria da p\u00e1lpebra), a crian\u00e7a deve ser encaminhada a um oftalmologista, que ir\u00e1 medir a press\u00e3o intraocular para confirmar a presen\u00e7a da doen\u00e7a.<\/li><\/ul>\n\n\n\n<p class=\"wp-block-paragraph\">O tratamento \u00e9 geralmente cir\u00fargico e deve ser realizado o mais r\u00e1pido poss\u00edvel para evitar efeitos da doen\u00e7a, como a piora da vis\u00e3o e <a href=\"https:\/\/www.medicina.ufmg.br\/observaped\/deficiencia-visual\/\">cegueira<\/a>. Dependendo do caso podem ser feitas mais de uma cirurgia.<\/p>\n\n\n\n<p class=\"wp-block-paragraph\"><a href=\"https:\/\/commons.wikimedia.org\/wiki\/File:Buphthalmus.jpg\">File:Buphthalmus.jpg<\/a><\/p>\n","protected":false},"excerpt":{"rendered":"<p>O glaucoma \u00e9 uma doen\u00e7a que causa degenera\u00e7\u00e3o dos nervos relacionados \u00e0 vis\u00e3o. Geralmente \u00e9 relacionado ao aumento da press\u00e3o&#8230;<\/p>\n","protected":false},"author":33,"featured_media":0,"comment_status":"open","ping_status":"open","sticky":false,"template":"","format":"standard","meta":{"footnotes":""},"categories":[41,12],"tags":[],"class_list":["post-2281","post","type-post","status-publish","format-standard","hentry","category-c28-g","category-pediatria-de-a-a-z"],"_links":{"self":[{"href":"https:\/\/www.medicina.ufmg.br\/observaped\/wp-json\/wp\/v2\/posts\/2281","targetHints":{"allow":["GET"]}}],"collection":[{"href":"https:\/\/www.medicina.ufmg.br\/observaped\/wp-json\/wp\/v2\/posts"}],"about":[{"href":"https:\/\/www.medicina.ufmg.br\/observaped\/wp-json\/wp\/v2\/types\/post"}],"author":[{"embeddable":true,"href":"https:\/\/www.medicina.ufmg.br\/observaped\/wp-json\/wp\/v2\/users\/33"}],"replies":[{"embeddable":true,"href":"https:\/\/www.medicina.ufmg.br\/observaped\/wp-json\/wp\/v2\/comments?post=2281"}],"version-history":[{"count":1,"href":"https:\/\/www.medicina.ufmg.br\/observaped\/wp-json\/wp\/v2\/posts\/2281\/revisions"}],"predecessor-version":[{"id":2283,"href":"https:\/\/www.medicina.ufmg.br\/observaped\/wp-json\/wp\/v2\/posts\/2281\/revisions\/2283"}],"wp:attachment":[{"href":"https:\/\/www.medicina.ufmg.br\/observaped\/wp-json\/wp\/v2\/media?parent=2281"}],"wp:term":[{"taxonomy":"category","embeddable":true,"href":"https:\/\/www.medicina.ufmg.br\/observaped\/wp-json\/wp\/v2\/categories?post=2281"},{"taxonomy":"post_tag","embeddable":true,"href":"https:\/\/www.medicina.ufmg.br\/observaped\/wp-json\/wp\/v2\/tags?post=2281"}],"curies":[{"name":"wp","href":"https:\/\/api.w.org\/{rel}","templated":true}]}}