{"id":2444,"date":"2020-09-11T20:45:14","date_gmt":"2020-09-11T20:45:14","guid":{"rendered":"https:\/\/www.medicina.ufmg.br\/observaped\/?p=2444"},"modified":"2020-09-11T20:45:16","modified_gmt":"2020-09-11T20:45:16","slug":"anemia-falciforme","status":"publish","type":"post","link":"https:\/\/www.medicina.ufmg.br\/observaped\/anemia-falciforme\/","title":{"rendered":"Anemia Falciforme"},"content":{"rendered":"\n<div class=\"wp-block-image\"><figure class=\"alignright size-large is-resized\"><img fetchpriority=\"high\" decoding=\"async\" src=\"https:\/\/www.medicina.ufmg.br\/observaped\/wp-content\/uploads\/sites\/37\/2020\/09\/Anemia-Falciforme.jpg\" alt=\"\" class=\"wp-image-2445\" width=\"308\" height=\"311\" srcset=\"https:\/\/www.medicina.ufmg.br\/observaped\/wp-content\/uploads\/sites\/37\/2020\/09\/Anemia-Falciforme.jpg 416w, https:\/\/www.medicina.ufmg.br\/observaped\/wp-content\/uploads\/sites\/37\/2020\/09\/Anemia-Falciforme-297x300.jpg 297w, https:\/\/www.medicina.ufmg.br\/observaped\/wp-content\/uploads\/sites\/37\/2020\/09\/Anemia-Falciforme-150x150.jpg 150w, https:\/\/www.medicina.ufmg.br\/observaped\/wp-content\/uploads\/sites\/37\/2020\/09\/Anemia-Falciforme-48x48.jpg 48w, https:\/\/www.medicina.ufmg.br\/observaped\/wp-content\/uploads\/sites\/37\/2020\/09\/Anemia-Falciforme-250x252.jpg 250w, https:\/\/www.medicina.ufmg.br\/observaped\/wp-content\/uploads\/sites\/37\/2020\/09\/Anemia-Falciforme-178x180.jpg 178w\" sizes=\"(max-width: 308px) 100vw, 308px\" \/><\/figure><\/div>\n\n\n\n<p>Anemia falciforme \u00e9 uma doen\u00e7a <a href=\"https:\/\/www.medicina.ufmg.br\/observaped\/genetica\/\">heredit\u00e1ria<\/a>, caracterizada pela altera\u00e7\u00e3o de c\u00e9lulas vermelhas do sangue, tornando-as parecidas com uma foice, por isso o nome falciforme. Essa mudan\u00e7a de forma nas c\u00e9lulas diminui o transporte de oxig\u00eanio aos \u00f3rg\u00e3os, causando a anemia.<\/p>\n\n\n\n<!--more-->\n\n\n\n<p>Por ser uma doen\u00e7a que passa dos pais para o filho, o beb\u00ea j\u00e1 nasce com a altera\u00e7\u00e3o. O diagn\u00f3stico precoce \u00e9 realizado na triagem neonatal (Teste do Pezinho) e deve ser feito preferencialmente na primeira semana de vida do beb\u00ea.<\/p>\n\n\n\n<p>Quanto antes o diagn\u00f3stico for confirmado, melhor. O ideal para o tratamento \u00e9 que a crian\u00e7a tenha um acompanhamento adequado, com suporte multiprofissional especializado e deve ser feito durante a vida inteira. Tamb\u00e9m \u00e9 importante manter a rotina de exames para diminuir as complica\u00e7\u00f5es da doen\u00e7a.<\/p>\n\n\n\n<p>Imagem: <a href=\"http:\/\/www.hemocentro.df.gov.br\/wp-content\/uploads\/2019\/06\/fhb-dia-consc-falciforme-2019-768x768.png\">http:\/\/www.hemocentro.df.gov.br\/wp-content\/uploads\/2019\/06\/fhb-dia-consc-falciforme-2019-768&#215;768.png<\/a><\/p>\n","protected":false},"excerpt":{"rendered":"<p>Anemia falciforme \u00e9 uma doen\u00e7a heredit\u00e1ria, caracterizada pela altera\u00e7\u00e3o de c\u00e9lulas vermelhas do sangue, tornando-as parecidas com uma foice, por&#8230;<\/p>\n","protected":false},"author":33,"featured_media":0,"comment_status":"open","ping_status":"open","sticky":false,"template":"","format":"standard","meta":{"footnotes":""},"categories":[28,40,12],"tags":[],"class_list":["post-2444","post","type-post","status-publish","format-standard","hentry","category-c22-a","category-c27-f","category-pediatria-de-a-a-z"],"_links":{"self":[{"href":"https:\/\/www.medicina.ufmg.br\/observaped\/wp-json\/wp\/v2\/posts\/2444","targetHints":{"allow":["GET"]}}],"collection":[{"href":"https:\/\/www.medicina.ufmg.br\/observaped\/wp-json\/wp\/v2\/posts"}],"about":[{"href":"https:\/\/www.medicina.ufmg.br\/observaped\/wp-json\/wp\/v2\/types\/post"}],"author":[{"embeddable":true,"href":"https:\/\/www.medicina.ufmg.br\/observaped\/wp-json\/wp\/v2\/users\/33"}],"replies":[{"embeddable":true,"href":"https:\/\/www.medicina.ufmg.br\/observaped\/wp-json\/wp\/v2\/comments?post=2444"}],"version-history":[{"count":1,"href":"https:\/\/www.medicina.ufmg.br\/observaped\/wp-json\/wp\/v2\/posts\/2444\/revisions"}],"predecessor-version":[{"id":2446,"href":"https:\/\/www.medicina.ufmg.br\/observaped\/wp-json\/wp\/v2\/posts\/2444\/revisions\/2446"}],"wp:attachment":[{"href":"https:\/\/www.medicina.ufmg.br\/observaped\/wp-json\/wp\/v2\/media?parent=2444"}],"wp:term":[{"taxonomy":"category","embeddable":true,"href":"https:\/\/www.medicina.ufmg.br\/observaped\/wp-json\/wp\/v2\/categories?post=2444"},{"taxonomy":"post_tag","embeddable":true,"href":"https:\/\/www.medicina.ufmg.br\/observaped\/wp-json\/wp\/v2\/tags?post=2444"}],"curies":[{"name":"wp","href":"https:\/\/api.w.org\/{rel}","templated":true}]}}