{"id":2462,"date":"2020-09-11T21:02:54","date_gmt":"2020-09-11T21:02:54","guid":{"rendered":"https:\/\/www.medicina.ufmg.br\/observaped\/?p=2462"},"modified":"2020-09-11T21:02:55","modified_gmt":"2020-09-11T21:02:55","slug":"tungiase","status":"publish","type":"post","link":"https:\/\/www.medicina.ufmg.br\/observaped\/tungiase\/","title":{"rendered":"Tung\u00edase"},"content":{"rendered":"\n<div class=\"wp-block-image\"><figure class=\"alignright size-large\"><img fetchpriority=\"high\" decoding=\"async\" width=\"225\" height=\"224\" src=\"https:\/\/www.medicina.ufmg.br\/observaped\/wp-content\/uploads\/sites\/37\/2020\/09\/Tung\u00edase.jpg\" alt=\"\" class=\"wp-image-2463\" srcset=\"https:\/\/www.medicina.ufmg.br\/observaped\/wp-content\/uploads\/sites\/37\/2020\/09\/Tung\u00edase.jpg 225w, https:\/\/www.medicina.ufmg.br\/observaped\/wp-content\/uploads\/sites\/37\/2020\/09\/Tung\u00edase-150x150.jpg 150w, https:\/\/www.medicina.ufmg.br\/observaped\/wp-content\/uploads\/sites\/37\/2020\/09\/Tung\u00edase-48x48.jpg 48w, https:\/\/www.medicina.ufmg.br\/observaped\/wp-content\/uploads\/sites\/37\/2020\/09\/Tung\u00edase-181x180.jpg 181w\" sizes=\"(max-width: 225px) 100vw, 225px\" \/><\/figure><\/div>\n\n\n\n<p><strong>A tung\u00edase \u00e9 uma doen\u00e7a infecciosa de pele causada pela f\u00eamea gr\u00e1vida de uma esp\u00e9cie de uma pulga chamada Tunga penetrans, popularmente conhecida como bicho-de-p\u00e9.<\/strong><\/p>\n\n\n\n<!--more-->\n\n\n\n<p>Essa doen\u00e7a \u00e9 identificada a partir do aparecimento de uma ou de algumas pequenas pintinhas escuras dentro de um c\u00edrculo claro, principalmente na sola do p\u00e9, mas pode ser encontrada tamb\u00e9m nos dedos, nas m\u00e3os e nos calcanhares. A sua transmiss\u00e3o acontece quando se anda descal\u00e7o em solos arenosos em que existe a esp\u00e9cie da pulga Tunga penetrans, e, portanto, para se prevenir contra essa doen\u00e7a \u00e9 importante sempre andar de sapato nessas \u00e1reas potencialmente infectadas. Dessa forma, a pulga n\u00e3o consegue entrar na sola do p\u00e9.<\/p>\n\n\n\n<p>O principal sintoma da tung\u00edase \u00e9 a coceira no local dessas pintinhas escuras. No entanto, essa pulga deixa uma abertura na pele que facilita a infec\u00e7\u00e3o por alguns microrganismos, como \u00e9 o caso da bact\u00e9ria causadora do t\u00e9tano (Clostridium tetani). Assim, \u00e9 muito importante remover a pulga ap\u00f3s lavar o local com \u00e1gua e sab\u00e3o e usando uma agulha est\u00e9ril (que pode ser obtida no centro de sa\u00fade), o que costuma n\u00e3o causar dor e nem sangrar.<\/p>\n","protected":false},"excerpt":{"rendered":"<p>A tung\u00edase \u00e9 uma doen\u00e7a infecciosa de pele causada pela f\u00eamea gr\u00e1vida de uma esp\u00e9cie de uma pulga chamada Tunga&#8230;<\/p>\n","protected":false},"author":33,"featured_media":0,"comment_status":"open","ping_status":"open","sticky":false,"template":"","format":"standard","meta":{"footnotes":""},"categories":[31,12,21],"tags":[],"class_list":["post-2462","post","type-post","status-publish","format-standard","hentry","category-c23-b","category-pediatria-de-a-a-z","category-c41-t"],"_links":{"self":[{"href":"https:\/\/www.medicina.ufmg.br\/observaped\/wp-json\/wp\/v2\/posts\/2462","targetHints":{"allow":["GET"]}}],"collection":[{"href":"https:\/\/www.medicina.ufmg.br\/observaped\/wp-json\/wp\/v2\/posts"}],"about":[{"href":"https:\/\/www.medicina.ufmg.br\/observaped\/wp-json\/wp\/v2\/types\/post"}],"author":[{"embeddable":true,"href":"https:\/\/www.medicina.ufmg.br\/observaped\/wp-json\/wp\/v2\/users\/33"}],"replies":[{"embeddable":true,"href":"https:\/\/www.medicina.ufmg.br\/observaped\/wp-json\/wp\/v2\/comments?post=2462"}],"version-history":[{"count":1,"href":"https:\/\/www.medicina.ufmg.br\/observaped\/wp-json\/wp\/v2\/posts\/2462\/revisions"}],"predecessor-version":[{"id":2464,"href":"https:\/\/www.medicina.ufmg.br\/observaped\/wp-json\/wp\/v2\/posts\/2462\/revisions\/2464"}],"wp:attachment":[{"href":"https:\/\/www.medicina.ufmg.br\/observaped\/wp-json\/wp\/v2\/media?parent=2462"}],"wp:term":[{"taxonomy":"category","embeddable":true,"href":"https:\/\/www.medicina.ufmg.br\/observaped\/wp-json\/wp\/v2\/categories?post=2462"},{"taxonomy":"post_tag","embeddable":true,"href":"https:\/\/www.medicina.ufmg.br\/observaped\/wp-json\/wp\/v2\/tags?post=2462"}],"curies":[{"name":"wp","href":"https:\/\/api.w.org\/{rel}","templated":true}]}}