{"id":2475,"date":"2020-10-20T12:01:35","date_gmt":"2020-10-20T12:01:35","guid":{"rendered":"https:\/\/www.medicina.ufmg.br\/observaped\/?p=2475"},"modified":"2020-10-20T12:01:37","modified_gmt":"2020-10-20T12:01:37","slug":"erisipela-e-celulite","status":"publish","type":"post","link":"https:\/\/www.medicina.ufmg.br\/observaped\/erisipela-e-celulite\/","title":{"rendered":"Erisipela e Celulite"},"content":{"rendered":"\n<p><strong>Erisipela e celulite s\u00e3o duas infec\u00e7\u00f5es bacterianas da\npele.<\/strong><\/p>\n\n\n\n<p><strong>ERISIPELA\n(&#8220;febre-de-santo-ant\u00f4nio&#8221;): <\/strong>acomete as camadas mais superficiais.\nA pele apresenta uma colora\u00e7\u00e3o vermelha bem intensa e com um aspecto semelhante\na &#8220;casca de laranja&#8221;, podendo haver forma\u00e7\u00e3o de bolhas cerca de 2 a 3\ndias ap\u00f3s o in\u00edcio dos sintomas. Rosto, pernas e p\u00e9s s\u00e3o os locais mais\nacometidos. Feridas entre os dedos dos p\u00e9s (frieiras) costumam ser a porta de\nentrada para a bact\u00e9ria.<\/p>\n\n\n\n<p><strong>CELULITE:<\/strong> acomete as camadas\nmais profundas da pele. Em crian\u00e7as, o local mais acometido \u00e9 a regi\u00e3o\nperiorbit\u00e1ria (ao redor dos olhos), mas tamb\u00e9m pode afetar pernas e p\u00e9s. Nessa\nfaixa et\u00e1ria, infec\u00e7\u00f5es no nariz e\/ou na garganta costumam ser a porta de\nentrada. Uma das bact\u00e9rias mais comuns em crian\u00e7as \u00e9 a <em>Haemophilus\ninfluenzae<\/em>, para a qual h\u00e1 uma <a href=\"https:\/\/www.medicina.ufmg.br\/observaped\/calendario-vacinal\/\"><strong>vacina<\/strong><\/a>\n(pentavalente). Al\u00e9m disso, mordidas de animais e feridas abertas tamb\u00e9m podem\ncausar essa infec\u00e7\u00e3o. A pele apresenta uma cor mais rosada, o que ajuda a\ndiferenciar da erisipela. <\/p>\n\n\n\n<p>As duas doen\u00e7as apresentam<strong> sintomas<\/strong> muito\nsemelhantes:<\/p>\n\n\n\n<ul class=\"wp-block-list\"><li>Febre, calafrios e mal-estar, nos primeiros dias<\/li><li>Dor no local afetado<\/li><li>Edema (incha\u00e7o)<\/li><li>Eritema (pele avermelhada)<\/li><li>Calor local (pele quente)<\/li><\/ul>\n\n\n\n<p>O <strong>diagn\u00f3stico<\/strong> dessas\ndoen\u00e7as \u00e9 feito com base nos sintomas e na observa\u00e7\u00e3o das les\u00f5es por um m\u00e9dico.\nO <strong>tratamento<\/strong> \u00e9 feito com antibi\u00f3ticos, de acordo com a gravidade da\ninfec\u00e7\u00e3o. Algumas medidas como repouso e eleva\u00e7\u00e3o da perna, quando acometida,\npodem ser tomadas para aliviar os sintomas.<\/p>\n\n\n\n<p>Imagem adaptada de: https:\/\/commons.wikimedia.org\/wiki\/<\/p>\n\n\n\n<figure class=\"wp-block-image size-large\"><img fetchpriority=\"high\" decoding=\"async\" width=\"1000\" height=\"500\" src=\"https:\/\/www.medicina.ufmg.br\/observaped\/wp-content\/uploads\/sites\/37\/2020\/10\/Erisipela_e_Celulite.jpg\" alt=\"\" class=\"wp-image-2476\" srcset=\"https:\/\/www.medicina.ufmg.br\/observaped\/wp-content\/uploads\/sites\/37\/2020\/10\/Erisipela_e_Celulite.jpg 1000w, https:\/\/www.medicina.ufmg.br\/observaped\/wp-content\/uploads\/sites\/37\/2020\/10\/Erisipela_e_Celulite-300x150.jpg 300w, https:\/\/www.medicina.ufmg.br\/observaped\/wp-content\/uploads\/sites\/37\/2020\/10\/Erisipela_e_Celulite-768x384.jpg 768w, https:\/\/www.medicina.ufmg.br\/observaped\/wp-content\/uploads\/sites\/37\/2020\/10\/Erisipela_e_Celulite-250x125.jpg 250w, https:\/\/www.medicina.ufmg.br\/observaped\/wp-content\/uploads\/sites\/37\/2020\/10\/Erisipela_e_Celulite-550x275.jpg 550w, https:\/\/www.medicina.ufmg.br\/observaped\/wp-content\/uploads\/sites\/37\/2020\/10\/Erisipela_e_Celulite-800x400.jpg 800w, https:\/\/www.medicina.ufmg.br\/observaped\/wp-content\/uploads\/sites\/37\/2020\/10\/Erisipela_e_Celulite-360x180.jpg 360w, https:\/\/www.medicina.ufmg.br\/observaped\/wp-content\/uploads\/sites\/37\/2020\/10\/Erisipela_e_Celulite-600x300.jpg 600w\" sizes=\"(max-width: 1000px) 100vw, 1000px\" \/><\/figure>\n","protected":false},"excerpt":{"rendered":"<p>Erisipela e celulite s\u00e3o duas infec\u00e7\u00f5es bacterianas da pele. ERISIPELA (&#8220;febre-de-santo-ant\u00f4nio&#8221;): acomete as camadas mais superficiais. A pele apresenta uma&#8230;<\/p>\n","protected":false},"author":17,"featured_media":0,"comment_status":"open","ping_status":"open","sticky":false,"template":"","format":"standard","meta":{"footnotes":""},"categories":[32,38,12],"tags":[],"class_list":["post-2475","post","type-post","status-publish","format-standard","hentry","category-c24-c","category-c26-e","category-pediatria-de-a-a-z"],"_links":{"self":[{"href":"https:\/\/www.medicina.ufmg.br\/observaped\/wp-json\/wp\/v2\/posts\/2475","targetHints":{"allow":["GET"]}}],"collection":[{"href":"https:\/\/www.medicina.ufmg.br\/observaped\/wp-json\/wp\/v2\/posts"}],"about":[{"href":"https:\/\/www.medicina.ufmg.br\/observaped\/wp-json\/wp\/v2\/types\/post"}],"author":[{"embeddable":true,"href":"https:\/\/www.medicina.ufmg.br\/observaped\/wp-json\/wp\/v2\/users\/17"}],"replies":[{"embeddable":true,"href":"https:\/\/www.medicina.ufmg.br\/observaped\/wp-json\/wp\/v2\/comments?post=2475"}],"version-history":[{"count":1,"href":"https:\/\/www.medicina.ufmg.br\/observaped\/wp-json\/wp\/v2\/posts\/2475\/revisions"}],"predecessor-version":[{"id":2477,"href":"https:\/\/www.medicina.ufmg.br\/observaped\/wp-json\/wp\/v2\/posts\/2475\/revisions\/2477"}],"wp:attachment":[{"href":"https:\/\/www.medicina.ufmg.br\/observaped\/wp-json\/wp\/v2\/media?parent=2475"}],"wp:term":[{"taxonomy":"category","embeddable":true,"href":"https:\/\/www.medicina.ufmg.br\/observaped\/wp-json\/wp\/v2\/categories?post=2475"},{"taxonomy":"post_tag","embeddable":true,"href":"https:\/\/www.medicina.ufmg.br\/observaped\/wp-json\/wp\/v2\/tags?post=2475"}],"curies":[{"name":"wp","href":"https:\/\/api.w.org\/{rel}","templated":true}]}}