{"id":2484,"date":"2020-10-20T12:23:10","date_gmt":"2020-10-20T12:23:10","guid":{"rendered":"https:\/\/www.medicina.ufmg.br\/observaped\/?p=2484"},"modified":"2020-10-20T12:23:12","modified_gmt":"2020-10-20T12:23:12","slug":"suicidio-na-infancia-e-adolescencia","status":"publish","type":"post","link":"https:\/\/www.medicina.ufmg.br\/observaped\/suicidio-na-infancia-e-adolescencia\/","title":{"rendered":"Suic\u00eddio na Inf\u00e2ncia e Adolesc\u00eancia"},"content":{"rendered":"\n<p>No Brasil e no mundo, as\ntentativas de suic\u00eddio entre crian\u00e7as e adolescentes t\u00eam aumentado de forma\nconsider\u00e1vel e muitas vezes est\u00e3o associadas com transtornos de adapta\u00e7\u00e3o \u2014\ncomo <a href=\"https:\/\/www.medicina.ufmg.br\/observaped\/bullying\/\"><strong>bullying<\/strong><\/a>,\nconflito familiar e abuso sexual \u2014 ou psiqui\u00e1tricos \u2014 como depress\u00e3o, <a href=\"https:\/\/www.medicina.ufmg.br\/observaped\/bulimia\/\"><strong>bulimia<\/strong><\/a>, etc.\nAdemais, o <a href=\"https:\/\/www.medicina.ufmg.br\/observaped\/consumo-de-alcool\/\"><strong>uso de \u00e1lcool<\/strong><\/a> e\ndrogas pelos adolescentes pode potencializar esses fatores de risco.<\/p>\n\n\n\n<p>Pais, professores e profissionais\nde sa\u00fade devem estar sempre atentos aos <strong>sinais de alerta<\/strong> de que algo n\u00e3o\nest\u00e1 bem com a crian\u00e7a ou o adolescente, como:<\/p>\n\n\n\n<ul class=\"wp-block-list\"><li>Altera\u00e7\u00f5es no apetite, no <a href=\"https:\/\/www.medicina.ufmg.br\/observaped\/sono-e-vigilia\/\"><strong>sono<\/strong><\/a>, dificuldade\nde concentra\u00e7\u00e3o ou cansa\u00e7o;<\/li><li>Sentimento de tristeza, inutilidade ou de culpa;<\/li><li>Maior sensibilidade \u00e0 rejei\u00e7\u00e3o, irritabilidade,\nraiva, com explos\u00f5es de choro;<\/li><li>Aus\u00eancia de perspectiva para o futuro, perda de\ninteresse em eventos e atividades em casa, na escola ou em momentos de lazer;<\/li><li>Diminui\u00e7\u00e3o do auto cuidado e retraimento social;<\/li><li>Fazer anota\u00e7\u00f5es sobre suic\u00eddio, pensamentos\nsuicidas, falar sobre n\u00e3o estar por perto no futuro ou que vai embora um dia;<\/li><li>Expressar pensamentos estranhos ou amea\u00e7as sobre\nquerer se matar;<\/li><li>Doar ou prometer bens valiosos a outras pessoas.<\/li><\/ul>\n\n\n\n<p>Vale ressaltar que a ingest\u00e3o\nexcessiva de medicamentos \u00e9 a forma mais comum de autoles\u00e3o utilizadas por\njovens e, <strong>na maior parte das situa\u00e7\u00f5es, a tentativa \u00e9 realizada em casa<\/strong>.\n<\/p>\n\n\n\n<p>Caso os pais detectem os sinais\nde alerta, devem conversar abertamente com seus filhos e expressar preocupa\u00e7\u00e3o,\napoio e amor, bem como procurar o aux\u00edlio de um profissional de sa\u00fade (m\u00e9dico\nou psic\u00f3logo).&nbsp; Na presen\u00e7a de\ntranstornos mentais ou ang\u00fastia fora do habitual, deve-se procurar ajuda\nespecializada com psiquiatras. <\/p>\n\n\n\n<p>Como forma de preven\u00e7\u00e3o, \u00e9\nimportante cuidar da sa\u00fade mental continuamente, n\u00e3o s\u00f3 em setembro.<\/p>\n\n\n\n<p>Na busca de ajuda imediata, <strong>ligue para o Centro de Valoriza\u00e7\u00e3o da Vida (CVV) &#8211; 188<\/strong>, que oferece atendimento volunt\u00e1rio, gratuito e com sigilo, realizando apoio emocional e preven\u00e7\u00e3o do suic\u00eddio.<\/p>\n\n\n\n<figure class=\"wp-block-image size-large\"><img fetchpriority=\"high\" decoding=\"async\" width=\"940\" height=\"350\" src=\"https:\/\/www.medicina.ufmg.br\/observaped\/wp-content\/uploads\/sites\/37\/2020\/10\/Suicidio-na-infancia-e-adolescencia.jpg\" alt=\"\" class=\"wp-image-2485\" srcset=\"https:\/\/www.medicina.ufmg.br\/observaped\/wp-content\/uploads\/sites\/37\/2020\/10\/Suicidio-na-infancia-e-adolescencia.jpg 940w, https:\/\/www.medicina.ufmg.br\/observaped\/wp-content\/uploads\/sites\/37\/2020\/10\/Suicidio-na-infancia-e-adolescencia-300x112.jpg 300w, https:\/\/www.medicina.ufmg.br\/observaped\/wp-content\/uploads\/sites\/37\/2020\/10\/Suicidio-na-infancia-e-adolescencia-768x286.jpg 768w, https:\/\/www.medicina.ufmg.br\/observaped\/wp-content\/uploads\/sites\/37\/2020\/10\/Suicidio-na-infancia-e-adolescencia-250x93.jpg 250w, https:\/\/www.medicina.ufmg.br\/observaped\/wp-content\/uploads\/sites\/37\/2020\/10\/Suicidio-na-infancia-e-adolescencia-550x205.jpg 550w, https:\/\/www.medicina.ufmg.br\/observaped\/wp-content\/uploads\/sites\/37\/2020\/10\/Suicidio-na-infancia-e-adolescencia-800x298.jpg 800w, https:\/\/www.medicina.ufmg.br\/observaped\/wp-content\/uploads\/sites\/37\/2020\/10\/Suicidio-na-infancia-e-adolescencia-483x180.jpg 483w, https:\/\/www.medicina.ufmg.br\/observaped\/wp-content\/uploads\/sites\/37\/2020\/10\/Suicidio-na-infancia-e-adolescencia-806x300.jpg 806w\" sizes=\"(max-width: 940px) 100vw, 940px\" \/><\/figure>\n","protected":false},"excerpt":{"rendered":"<p>No Brasil e no mundo, as tentativas de suic\u00eddio entre crian\u00e7as e adolescentes t\u00eam aumentado de forma consider\u00e1vel e muitas&#8230;<\/p>\n","protected":false},"author":17,"featured_media":0,"comment_status":"open","ping_status":"open","sticky":false,"template":"","format":"standard","meta":{"footnotes":""},"categories":[12,18],"tags":[],"class_list":["post-2484","post","type-post","status-publish","format-standard","hentry","category-pediatria-de-a-a-z","category-c40-s"],"_links":{"self":[{"href":"https:\/\/www.medicina.ufmg.br\/observaped\/wp-json\/wp\/v2\/posts\/2484","targetHints":{"allow":["GET"]}}],"collection":[{"href":"https:\/\/www.medicina.ufmg.br\/observaped\/wp-json\/wp\/v2\/posts"}],"about":[{"href":"https:\/\/www.medicina.ufmg.br\/observaped\/wp-json\/wp\/v2\/types\/post"}],"author":[{"embeddable":true,"href":"https:\/\/www.medicina.ufmg.br\/observaped\/wp-json\/wp\/v2\/users\/17"}],"replies":[{"embeddable":true,"href":"https:\/\/www.medicina.ufmg.br\/observaped\/wp-json\/wp\/v2\/comments?post=2484"}],"version-history":[{"count":1,"href":"https:\/\/www.medicina.ufmg.br\/observaped\/wp-json\/wp\/v2\/posts\/2484\/revisions"}],"predecessor-version":[{"id":2486,"href":"https:\/\/www.medicina.ufmg.br\/observaped\/wp-json\/wp\/v2\/posts\/2484\/revisions\/2486"}],"wp:attachment":[{"href":"https:\/\/www.medicina.ufmg.br\/observaped\/wp-json\/wp\/v2\/media?parent=2484"}],"wp:term":[{"taxonomy":"category","embeddable":true,"href":"https:\/\/www.medicina.ufmg.br\/observaped\/wp-json\/wp\/v2\/categories?post=2484"},{"taxonomy":"post_tag","embeddable":true,"href":"https:\/\/www.medicina.ufmg.br\/observaped\/wp-json\/wp\/v2\/tags?post=2484"}],"curies":[{"name":"wp","href":"https:\/\/api.w.org\/{rel}","templated":true}]}}