{"id":2577,"date":"2021-01-06T18:42:58","date_gmt":"2021-01-06T18:42:58","guid":{"rendered":"https:\/\/www.medicina.ufmg.br\/observaped\/?p=2577"},"modified":"2021-01-06T18:43:00","modified_gmt":"2021-01-06T18:43:00","slug":"crosta-lactea","status":"publish","type":"post","link":"https:\/\/www.medicina.ufmg.br\/observaped\/crosta-lactea\/","title":{"rendered":"Crosta L\u00e1ctea"},"content":{"rendered":"\n<div class=\"wp-block-image\"><figure class=\"aligncenter size-large\"><img fetchpriority=\"high\" decoding=\"async\" width=\"493\" height=\"335\" src=\"https:\/\/www.medicina.ufmg.br\/observaped\/wp-content\/uploads\/sites\/37\/2021\/01\/Crosta-L\u00e1ctea.jpg\" alt=\"\" class=\"wp-image-2585\" srcset=\"https:\/\/www.medicina.ufmg.br\/observaped\/wp-content\/uploads\/sites\/37\/2021\/01\/Crosta-L\u00e1ctea.jpg 493w, https:\/\/www.medicina.ufmg.br\/observaped\/wp-content\/uploads\/sites\/37\/2021\/01\/Crosta-L\u00e1ctea-300x204.jpg 300w, https:\/\/www.medicina.ufmg.br\/observaped\/wp-content\/uploads\/sites\/37\/2021\/01\/Crosta-L\u00e1ctea-250x170.jpg 250w, https:\/\/www.medicina.ufmg.br\/observaped\/wp-content\/uploads\/sites\/37\/2021\/01\/Crosta-L\u00e1ctea-265x180.jpg 265w, https:\/\/www.medicina.ufmg.br\/observaped\/wp-content\/uploads\/sites\/37\/2021\/01\/Crosta-L\u00e1ctea-441x300.jpg 441w\" sizes=\"(max-width: 493px) 100vw, 493px\" \/><\/figure><\/div>\n\n\n\n<p>A crosta l\u00e1ctea \u00e9 uma dermatite seborreica, que costuma ocorrer nas primeiras semanas de vida do beb\u00ea. Trata-se de uma condi\u00e7\u00e3o tempor\u00e1ria e que n\u00e3o traz risco \u00e0 crian\u00e7a.<\/p>\n\n\n\n<p>Ela \u00e9 caracterizada pelo aparecimento de cascas grossas, amarelas ou marrons, sobre o couro cabeludo, de car\u00e1ter gorduroso.<\/p>\n\n\n\n<p>Essa dermatite pode acometer outros locais al\u00e9m do couro cabeludo, como a face, as dobras da pele, o pesco\u00e7o e a regi\u00e3o atr\u00e1s da orelha. Nesses locais, a dermatite apresenta descama\u00e7\u00e3o fina e seca, podendo ser acompanhada de placas vermelhas. <\/p>\n\n\n\n<p>O tratamento da crosta l\u00e1ctea varia de acordo com o estado em que ela se encontra. Podem ser usados shampoos espec\u00edficos, \u00f3leo de am\u00eandoas e de vaselina, ou medicamentos, em casos de inflama\u00e7\u00e3o do couro cabeludo. No entanto, \u00e9 muito importante procurar o centro de sa\u00fade em casos de inflama\u00e7\u00e3o e antes de utilizar qualquer medicamento.<\/p>\n","protected":false},"excerpt":{"rendered":"<p>A crosta l\u00e1ctea \u00e9 uma dermatite seborreica, que costuma ocorrer nas primeiras semanas de vida do beb\u00ea. Trata-se de uma&#8230;<\/p>\n","protected":false},"author":33,"featured_media":0,"comment_status":"open","ping_status":"open","sticky":false,"template":"","format":"standard","meta":{"footnotes":""},"categories":[32,12],"tags":[],"class_list":["post-2577","post","type-post","status-publish","format-standard","hentry","category-c24-c","category-pediatria-de-a-a-z"],"_links":{"self":[{"href":"https:\/\/www.medicina.ufmg.br\/observaped\/wp-json\/wp\/v2\/posts\/2577","targetHints":{"allow":["GET"]}}],"collection":[{"href":"https:\/\/www.medicina.ufmg.br\/observaped\/wp-json\/wp\/v2\/posts"}],"about":[{"href":"https:\/\/www.medicina.ufmg.br\/observaped\/wp-json\/wp\/v2\/types\/post"}],"author":[{"embeddable":true,"href":"https:\/\/www.medicina.ufmg.br\/observaped\/wp-json\/wp\/v2\/users\/33"}],"replies":[{"embeddable":true,"href":"https:\/\/www.medicina.ufmg.br\/observaped\/wp-json\/wp\/v2\/comments?post=2577"}],"version-history":[{"count":1,"href":"https:\/\/www.medicina.ufmg.br\/observaped\/wp-json\/wp\/v2\/posts\/2577\/revisions"}],"predecessor-version":[{"id":2586,"href":"https:\/\/www.medicina.ufmg.br\/observaped\/wp-json\/wp\/v2\/posts\/2577\/revisions\/2586"}],"wp:attachment":[{"href":"https:\/\/www.medicina.ufmg.br\/observaped\/wp-json\/wp\/v2\/media?parent=2577"}],"wp:term":[{"taxonomy":"category","embeddable":true,"href":"https:\/\/www.medicina.ufmg.br\/observaped\/wp-json\/wp\/v2\/categories?post=2577"},{"taxonomy":"post_tag","embeddable":true,"href":"https:\/\/www.medicina.ufmg.br\/observaped\/wp-json\/wp\/v2\/tags?post=2577"}],"curies":[{"name":"wp","href":"https:\/\/api.w.org\/{rel}","templated":true}]}}