{"id":2621,"date":"2021-02-05T17:35:15","date_gmt":"2021-02-05T17:35:15","guid":{"rendered":"https:\/\/www.medicina.ufmg.br\/observaped\/?p=2621"},"modified":"2021-02-05T17:39:22","modified_gmt":"2021-02-05T17:39:22","slug":"abandono-digital","status":"publish","type":"post","link":"https:\/\/www.medicina.ufmg.br\/observaped\/abandono-digital\/","title":{"rendered":"Abandono Digital"},"content":{"rendered":"\n<div class=\"wp-block-image\"><figure class=\"alignright size-large is-resized\"><img fetchpriority=\"high\" decoding=\"async\" src=\"https:\/\/www.medicina.ufmg.br\/observaped\/wp-content\/uploads\/sites\/37\/2021\/02\/Abandono-Digital.jpg\" alt=\"\" class=\"wp-image-2622\" width=\"344\" height=\"228\" srcset=\"https:\/\/www.medicina.ufmg.br\/observaped\/wp-content\/uploads\/sites\/37\/2021\/02\/Abandono-Digital.jpg 640w, https:\/\/www.medicina.ufmg.br\/observaped\/wp-content\/uploads\/sites\/37\/2021\/02\/Abandono-Digital-300x199.jpg 300w, https:\/\/www.medicina.ufmg.br\/observaped\/wp-content\/uploads\/sites\/37\/2021\/02\/Abandono-Digital-250x166.jpg 250w, https:\/\/www.medicina.ufmg.br\/observaped\/wp-content\/uploads\/sites\/37\/2021\/02\/Abandono-Digital-550x364.jpg 550w, https:\/\/www.medicina.ufmg.br\/observaped\/wp-content\/uploads\/sites\/37\/2021\/02\/Abandono-Digital-272x180.jpg 272w, https:\/\/www.medicina.ufmg.br\/observaped\/wp-content\/uploads\/sites\/37\/2021\/02\/Abandono-Digital-453x300.jpg 453w\" sizes=\"(max-width: 344px) 100vw, 344px\" \/><\/figure><\/div>\n\n\n\n<p>O abandono digital diz respeito \u00e0 neglig\u00eancia dos cuidadores com rela\u00e7\u00e3o \u00e0 seguran\u00e7a das crian\u00e7as e adolescentes no ambiente virtual. O n\u00e3o monitoramento do conte\u00fado acessado e das intera\u00e7\u00f5es da crian\u00e7a na internet, bem como a desaten\u00e7\u00e3o quanto ao uso excessivo de aparelhos eletr\u00f4nicos, podem trazer muitos riscos e consequ\u00eancias, como:<\/p>\n\n\n\n<ul class=\"wp-block-list\"><li> <em>Cyberbullying<\/em>: Trata-se de <em><a href=\"https:\/\/www.medicina.ufmg.br\/observaped\/bullying\/\">bullying<\/a><\/em> virtual, uma forma de comportamento agressivo que ocorre atrav\u00e9s da internet, com objetivo de perseguir, ridicularizar e\/ou assediar algu\u00e9m. \u00c9 um fator de risco para o surgimento de sintomas de ansiedade, depress\u00e3o, ideias <a href=\"https:\/\/www.medicina.ufmg.br\/observaped\/suicidio-na-infancia-e-adolescencia\/\">suicidas<\/a> e uso de drogas.<\/li><li> Viol\u00eancia sexual: Abrange diferentes formas de viol\u00eancia, como abuso e explora\u00e7\u00e3o sexual, pornografia infantil, pedofilia, envio de fotos, v\u00eddeos ou mensagens de car\u00e1ter sexual, dentre outras. <\/li><li> Jogos desafiadores: Diz respeito a brincadeiras e desafios perigosos propostos em v\u00eddeos, os quais as crian\u00e7as podem tentar imitar, colocando em risco a pr\u00f3pria vida.<\/li><li> V\u00edcio tecnol\u00f3gico: Ocorre quando o uso excessivo da internet e de aparelhos eletr\u00f4nicos se transforma em depend\u00eancia, ocasionando preju\u00edzos nos relacionamentos interpessoais e nos estudos.<\/li><\/ul>\n\n\n\n<p>Al\u00e9m disso, as crian\u00e7as e adolescentes est\u00e3o sujeitos a propagandas enganosas, \u00e0 realiza\u00e7\u00e3o de compras indevidas e ao compartilhamento de conte\u00fados falsos ou inadequados para a idade.<\/p>\n\n\n\n<p>Dessa forma, \u00e9 muito importante que os cuidadores estejam atentos \u00e0s atividades praticadas pelas crian\u00e7as no mundo virtual. Alguns aplicativos e configura\u00e7\u00f5es de privacidade dispon\u00edveis podem auxiliar no monitoramento dos acessos na internet. Tamb\u00e9m \u00e9 essencial que haja di\u00e1logo entre os pais e os filhos, de forma que os riscos sejam abordados e que as crian\u00e7as e adolescentes aprendam a usar a tecnologia de forma respons\u00e1vel.<\/p>\n\n\n\n<p>Em termos jur\u00eddicos, os pais t\u00eam responsabilidade civil de vigil\u00e2ncia sobre seus filhos, inclusive na internet, e, caso ignorem esta quest\u00e3o, podem ser punidos.<\/p>\n\n\n\n<p>Leia tamb\u00e9m: <a href=\"https:\/\/www.medicina.ufmg.br\/observaped\/tempo-de-tela\/\">Tempo de tela<\/a>.<\/p>\n","protected":false},"excerpt":{"rendered":"<p>O abandono digital diz respeito \u00e0 neglig\u00eancia dos cuidadores com rela\u00e7\u00e3o \u00e0 seguran\u00e7a das crian\u00e7as e adolescentes no ambiente virtual&#8230;.<\/p>\n","protected":false},"author":33,"featured_media":0,"comment_status":"open","ping_status":"open","sticky":false,"template":"","format":"standard","meta":{"footnotes":""},"categories":[28,35,12],"tags":[],"class_list":["post-2621","post","type-post","status-publish","format-standard","hentry","category-c22-a","category-c25-d","category-pediatria-de-a-a-z"],"_links":{"self":[{"href":"https:\/\/www.medicina.ufmg.br\/observaped\/wp-json\/wp\/v2\/posts\/2621","targetHints":{"allow":["GET"]}}],"collection":[{"href":"https:\/\/www.medicina.ufmg.br\/observaped\/wp-json\/wp\/v2\/posts"}],"about":[{"href":"https:\/\/www.medicina.ufmg.br\/observaped\/wp-json\/wp\/v2\/types\/post"}],"author":[{"embeddable":true,"href":"https:\/\/www.medicina.ufmg.br\/observaped\/wp-json\/wp\/v2\/users\/33"}],"replies":[{"embeddable":true,"href":"https:\/\/www.medicina.ufmg.br\/observaped\/wp-json\/wp\/v2\/comments?post=2621"}],"version-history":[{"count":2,"href":"https:\/\/www.medicina.ufmg.br\/observaped\/wp-json\/wp\/v2\/posts\/2621\/revisions"}],"predecessor-version":[{"id":2624,"href":"https:\/\/www.medicina.ufmg.br\/observaped\/wp-json\/wp\/v2\/posts\/2621\/revisions\/2624"}],"wp:attachment":[{"href":"https:\/\/www.medicina.ufmg.br\/observaped\/wp-json\/wp\/v2\/media?parent=2621"}],"wp:term":[{"taxonomy":"category","embeddable":true,"href":"https:\/\/www.medicina.ufmg.br\/observaped\/wp-json\/wp\/v2\/categories?post=2621"},{"taxonomy":"post_tag","embeddable":true,"href":"https:\/\/www.medicina.ufmg.br\/observaped\/wp-json\/wp\/v2\/tags?post=2621"}],"curies":[{"name":"wp","href":"https:\/\/api.w.org\/{rel}","templated":true}]}}