{"id":2849,"date":"2022-06-01T14:24:09","date_gmt":"2022-06-01T14:24:09","guid":{"rendered":"https:\/\/www.medicina.ufmg.br\/observaped\/?p=2849"},"modified":"2022-06-01T14:24:11","modified_gmt":"2022-06-01T14:24:11","slug":"jejum-laboratorial","status":"publish","type":"post","link":"https:\/\/www.medicina.ufmg.br\/observaped\/jejum-laboratorial\/","title":{"rendered":"Jejum laboratorial"},"content":{"rendered":"\n<div class=\"wp-block-image\"><figure class=\"alignleft size-full is-resized\"><a href=\"https:\/\/www.medicina.ufmg.br\/observaped\/wp-content\/uploads\/sites\/37\/2022\/06\/Jejum-laboratorial.png\"><img fetchpriority=\"high\" decoding=\"async\" src=\"https:\/\/www.medicina.ufmg.br\/observaped\/wp-content\/uploads\/sites\/37\/2022\/06\/Jejum-laboratorial.png\" alt=\"\" class=\"wp-image-2811\" width=\"439\" height=\"272\" srcset=\"https:\/\/www.medicina.ufmg.br\/observaped\/wp-content\/uploads\/sites\/37\/2022\/06\/Jejum-laboratorial.png 908w, https:\/\/www.medicina.ufmg.br\/observaped\/wp-content\/uploads\/sites\/37\/2022\/06\/Jejum-laboratorial-300x186.png 300w, https:\/\/www.medicina.ufmg.br\/observaped\/wp-content\/uploads\/sites\/37\/2022\/06\/Jejum-laboratorial-768x475.png 768w\" sizes=\"(max-width: 439px) 100vw, 439px\" \/><\/a><\/figure><\/div>\n\n\n\n<p>At\u00e9 n\u00e3o muito tempo atr\u00e1s, falava-se da necessidade de fazer prolongados per\u00edodos de jejum antes da realiza\u00e7\u00e3o de exames laboratoriais. Mas, ultimamente, com novas pesquisas, descobriu-se que para a maioria dos exames n\u00e3o h\u00e1 varia\u00e7\u00e3o do resultado se a pessoa estiver alimentada ou n\u00e3o. Os exames que preconizam o jejum s\u00e3o os de glicemia de jejum e triglic\u00e9rides, sendo que este \u00faltimo o jejum \u00e9 opcional, sendo necess\u00e1rio apenas informar a condi\u00e7\u00e3o alimentar para alterar o padr\u00e3o de refer\u00eancia para an\u00e1lise. Quando solicitado pelo laborat\u00f3rio, o jejum deve ser de oito a no m\u00e1ximo 12 horas, n\u00e3o \u00e9 necess\u00e1rio o corte da ingest\u00e3o de \u00e1gua. Se voc\u00ea faz uso regular de alguma medica\u00e7\u00e3o, ela deve ser tomada nos hor\u00e1rios habituais.<\/p>\n","protected":false},"excerpt":{"rendered":"<p>At\u00e9 n\u00e3o muito tempo atr\u00e1s, falava-se da necessidade de fazer prolongados per\u00edodos de jejum antes da realiza\u00e7\u00e3o de exames laboratoriais&#8230;.<\/p>\n","protected":false},"author":105,"featured_media":0,"comment_status":"open","ping_status":"open","sticky":false,"template":"","format":"standard","meta":{"footnotes":""},"categories":[45,12],"tags":[],"class_list":["post-2849","post","type-post","status-publish","format-standard","hentry","category-c31-j","category-pediatria-de-a-a-z"],"_links":{"self":[{"href":"https:\/\/www.medicina.ufmg.br\/observaped\/wp-json\/wp\/v2\/posts\/2849","targetHints":{"allow":["GET"]}}],"collection":[{"href":"https:\/\/www.medicina.ufmg.br\/observaped\/wp-json\/wp\/v2\/posts"}],"about":[{"href":"https:\/\/www.medicina.ufmg.br\/observaped\/wp-json\/wp\/v2\/types\/post"}],"author":[{"embeddable":true,"href":"https:\/\/www.medicina.ufmg.br\/observaped\/wp-json\/wp\/v2\/users\/105"}],"replies":[{"embeddable":true,"href":"https:\/\/www.medicina.ufmg.br\/observaped\/wp-json\/wp\/v2\/comments?post=2849"}],"version-history":[{"count":1,"href":"https:\/\/www.medicina.ufmg.br\/observaped\/wp-json\/wp\/v2\/posts\/2849\/revisions"}],"predecessor-version":[{"id":2850,"href":"https:\/\/www.medicina.ufmg.br\/observaped\/wp-json\/wp\/v2\/posts\/2849\/revisions\/2850"}],"wp:attachment":[{"href":"https:\/\/www.medicina.ufmg.br\/observaped\/wp-json\/wp\/v2\/media?parent=2849"}],"wp:term":[{"taxonomy":"category","embeddable":true,"href":"https:\/\/www.medicina.ufmg.br\/observaped\/wp-json\/wp\/v2\/categories?post=2849"},{"taxonomy":"post_tag","embeddable":true,"href":"https:\/\/www.medicina.ufmg.br\/observaped\/wp-json\/wp\/v2\/tags?post=2849"}],"curies":[{"name":"wp","href":"https:\/\/api.w.org\/{rel}","templated":true}]}}