{"id":2862,"date":"2022-06-06T12:49:16","date_gmt":"2022-06-06T12:49:16","guid":{"rendered":"https:\/\/www.medicina.ufmg.br\/observaped\/?p=2862"},"modified":"2022-06-06T12:49:17","modified_gmt":"2022-06-06T12:49:17","slug":"mononucleose","status":"publish","type":"post","link":"https:\/\/www.medicina.ufmg.br\/observaped\/mononucleose\/","title":{"rendered":"Mononucleose"},"content":{"rendered":"\n<div class=\"wp-block-image\"><figure class=\"alignleft size-full is-resized\"><a href=\"https:\/\/www.medicina.ufmg.br\/observaped\/wp-content\/uploads\/sites\/37\/2022\/06\/Mononucleose.jpg\"><img fetchpriority=\"high\" decoding=\"async\" src=\"https:\/\/www.medicina.ufmg.br\/observaped\/wp-content\/uploads\/sites\/37\/2022\/06\/Mononucleose.jpg\" alt=\"\" class=\"wp-image-2863\" width=\"446\" height=\"446\" srcset=\"https:\/\/www.medicina.ufmg.br\/observaped\/wp-content\/uploads\/sites\/37\/2022\/06\/Mononucleose.jpg 500w, https:\/\/www.medicina.ufmg.br\/observaped\/wp-content\/uploads\/sites\/37\/2022\/06\/Mononucleose-300x300.jpg 300w, https:\/\/www.medicina.ufmg.br\/observaped\/wp-content\/uploads\/sites\/37\/2022\/06\/Mononucleose-150x150.jpg 150w\" sizes=\"(max-width: 446px) 100vw, 446px\" \/><\/a><\/figure><\/div>\n\n\n\n<p>A mononucleose infecciosa, conhecida como doen\u00e7a do beijo, \u00e9 uma doen\u00e7a causada pela infec\u00e7\u00e3o por v\u00edrus EBV (V\u00edrus Epstein-Barr). O nome da doen\u00e7a deve-se \u00e0 presen\u00e7a de muitos gl\u00f3bulos brancos (c\u00e9lulas mononucleares) na corrente sangu\u00ednea. Em geral, ocorre pelo contato com saliva de pessoas infectadas e os sintomas s\u00e3o mais frequentes em adolescentes e adultos. As manifesta\u00e7\u00f5es cl\u00ednicas mais frequentes da infec\u00e7\u00e3o s\u00e3o a febre, \u00ednguas no pesco\u00e7o (linfadenopatia), fadiga e inflama\u00e7\u00e3o na garganta (faringite).\u00a0<\/p>\n\n\n\n<p>Ap\u00f3s a infec\u00e7\u00e3o, o v\u00edrus permanece no organismo por toda a vida, e a pessoa infectada pode eliminar o v\u00edrus pela saliva em determinados per\u00edodos, podendo infectar outras pessoas sem estar com sintomas. Complica\u00e7\u00f5es por mononucleose s\u00e3o pouco comuns, mas podem ser graves, como anemia, diminui\u00e7\u00e3o do n\u00famero de plaquetas no sangue e ainda manifesta\u00e7\u00f5es neurol\u00f3gicas como convuls\u00f5es.<\/p>\n\n\n\n<p>O diagn\u00f3stico \u00e9 sugerido pelo quadro cl\u00ednico e pode ser confirmado por exames laboratoriais.<\/p>\n","protected":false},"excerpt":{"rendered":"<p>A mononucleose infecciosa, conhecida como doen\u00e7a do beijo, \u00e9 uma doen\u00e7a causada pela infec\u00e7\u00e3o por v\u00edrus EBV (V\u00edrus Epstein-Barr). O&#8230;<\/p>\n","protected":false},"author":105,"featured_media":0,"comment_status":"open","ping_status":"open","sticky":false,"template":"","format":"standard","meta":{"footnotes":""},"categories":[48,12],"tags":[],"class_list":["post-2862","post","type-post","status-publish","format-standard","hentry","category-c34-m","category-pediatria-de-a-a-z"],"_links":{"self":[{"href":"https:\/\/www.medicina.ufmg.br\/observaped\/wp-json\/wp\/v2\/posts\/2862","targetHints":{"allow":["GET"]}}],"collection":[{"href":"https:\/\/www.medicina.ufmg.br\/observaped\/wp-json\/wp\/v2\/posts"}],"about":[{"href":"https:\/\/www.medicina.ufmg.br\/observaped\/wp-json\/wp\/v2\/types\/post"}],"author":[{"embeddable":true,"href":"https:\/\/www.medicina.ufmg.br\/observaped\/wp-json\/wp\/v2\/users\/105"}],"replies":[{"embeddable":true,"href":"https:\/\/www.medicina.ufmg.br\/observaped\/wp-json\/wp\/v2\/comments?post=2862"}],"version-history":[{"count":1,"href":"https:\/\/www.medicina.ufmg.br\/observaped\/wp-json\/wp\/v2\/posts\/2862\/revisions"}],"predecessor-version":[{"id":2864,"href":"https:\/\/www.medicina.ufmg.br\/observaped\/wp-json\/wp\/v2\/posts\/2862\/revisions\/2864"}],"wp:attachment":[{"href":"https:\/\/www.medicina.ufmg.br\/observaped\/wp-json\/wp\/v2\/media?parent=2862"}],"wp:term":[{"taxonomy":"category","embeddable":true,"href":"https:\/\/www.medicina.ufmg.br\/observaped\/wp-json\/wp\/v2\/categories?post=2862"},{"taxonomy":"post_tag","embeddable":true,"href":"https:\/\/www.medicina.ufmg.br\/observaped\/wp-json\/wp\/v2\/tags?post=2862"}],"curies":[{"name":"wp","href":"https:\/\/api.w.org\/{rel}","templated":true}]}}