{"id":2977,"date":"2023-03-06T15:21:44","date_gmt":"2023-03-06T15:21:44","guid":{"rendered":"https:\/\/www.medicina.ufmg.br\/observaped\/?p=2977"},"modified":"2023-03-06T15:21:45","modified_gmt":"2023-03-06T15:21:45","slug":"observaped-seleciona-bolsistas-e-voluntarios-para-projeto-de-extensao","status":"publish","type":"post","link":"https:\/\/www.medicina.ufmg.br\/observaped\/observaped-seleciona-bolsistas-e-voluntarios-para-projeto-de-extensao\/","title":{"rendered":"ObservaPED seleciona bolsistas e volunt\u00e1rios para projeto de extens\u00e3o"},"content":{"rendered":"\n<p>O Departamento de Pediatria (PED) abriu inscri\u00e7\u00f5es para candidatos interessados em projetos de extens\u00e3o relacionados ao Observat\u00f3rio da Sa\u00fade da Crian\u00e7a e do Adolescente (ObservaPED).<\/p>\n\n\n\n<p>As bolsas s\u00e3o referentes \u00e0 modalidade PBEXT, para atua\u00e7\u00e3o em iniciativas do Observat\u00f3rio.<\/p>\n\n\n\n<p>Confira a seguir e&nbsp;<a href=\"https:\/\/www.medicina.ufmg.br\/ped\/2023\/03\/02\/editais-observaped\/\">leia os editais<\/a>.<\/p>\n\n\n\n<p><strong>Pediatria de A a Z<\/strong><\/p>\n\n\n\n<p>O edital prev\u00ea uma vaga para bolsista e seis para volunt\u00e1rios. As inscri\u00e7\u00f5es acontecem at\u00e9 o dia 10 de mar\u00e7o, por meio do e-mail&nbsp;<a href=\"mailto:pediatriaufmg@gmail.com\">pediatriaufmg@gmail.com<\/a>. Os selecionados dever\u00e3o cumprir uma jornada de 20 horas semanais e o per\u00edodo de vig\u00eancia ser\u00e1 de 12 meses, a partir da data de in\u00edcio.&nbsp;<\/p>\n\n\n\n<p>Poder\u00e3o se inscrever estudantes regularmente matriculados nos cursos de gradua\u00e7\u00e3o em Medicina, Enfermagem, Nutri\u00e7\u00e3o, Fisioterapia, Odontologia ou Psicologia da UFMG, que estejam cursando entre o 4\u00ba e 8\u00ba per\u00edodo.<\/p>\n\n\n\n<p>Para mais informa\u00e7\u00f5es,&nbsp;<a href=\"mailto:pediatriaufmg@gmail.com\">pediatriaufmg@gmail.com<\/a>.<\/p>\n\n\n\n<p><strong>A\u00e7\u00f5es para Redu\u00e7\u00e3o da Morbimortalidade Neonatal e Apoio ao Aleitamento Materno<\/strong><\/p>\n\n\n\n<p>H\u00e1 uma vaga para bolsista e as inscri\u00e7\u00f5es v\u00e3o at\u00e9 dia 9 de mar\u00e7o, por meio do e-mail&nbsp;<a href=\"mailto:dped-chefia@medicina.ufmg.br\">dped-chefia@medicina.ufmg.br<\/a>&nbsp;ou pessoalmente<strong>&nbsp;<\/strong>no PED.<\/p>\n\n\n\n<p>A oportunidade \u00e9 para uma carga hor\u00e1ria de 12 horas semanais, no per\u00edodo matutino e vespertino. O per\u00edodo de vig\u00eancia da bolsa ser\u00e1 de mar\u00e7o de 2023 a fevereiro de 2024.&nbsp;<\/p>\n\n\n\n<p>Poder\u00e3o inscrever-se alunos regularmente matriculados no curso de gradua\u00e7\u00e3o em Medicina<strong>&nbsp;<\/strong>da UFMG, que estejam cursando at\u00e9 o 8\u00ba per\u00edodo e que tenham disponibilidade para se dedicar ao projeto durante um ano.<strong>&nbsp;<\/strong><\/p>\n\n\n\n<p>Para mais informa\u00e7\u00f5es,\u00a0<a href=\"mailto:dped-chefia@medicina.ufmg.br\">dped-chefia@medicina.ufmg.br<\/a><\/p>\n\n\n\n<p><a href=\"https:\/\/www.medicina.ufmg.br\/observaped-seleciona-bolsistas-e-voluntarios-para-projeto-de-extensao\/\"><strong>(Not\u00edcia retirada do site da Faculdade de Medicina &#8211; acesse aqui a not\u00edcia original)<\/strong><\/a><\/p>\n","protected":false},"excerpt":{"rendered":"<p>O Departamento de Pediatria (PED) abriu inscri\u00e7\u00f5es para candidatos interessados em projetos de extens\u00e3o relacionados ao Observat\u00f3rio da Sa\u00fade da&#8230;<\/p>\n","protected":false},"author":105,"featured_media":0,"comment_status":"open","ping_status":"open","sticky":false,"template":"","format":"standard","meta":{"footnotes":""},"categories":[10,11],"tags":[],"class_list":["post-2977","post","type-post","status-publish","format-standard","hentry","category-noticias","category-pediatria"],"_links":{"self":[{"href":"https:\/\/www.medicina.ufmg.br\/observaped\/wp-json\/wp\/v2\/posts\/2977","targetHints":{"allow":["GET"]}}],"collection":[{"href":"https:\/\/www.medicina.ufmg.br\/observaped\/wp-json\/wp\/v2\/posts"}],"about":[{"href":"https:\/\/www.medicina.ufmg.br\/observaped\/wp-json\/wp\/v2\/types\/post"}],"author":[{"embeddable":true,"href":"https:\/\/www.medicina.ufmg.br\/observaped\/wp-json\/wp\/v2\/users\/105"}],"replies":[{"embeddable":true,"href":"https:\/\/www.medicina.ufmg.br\/observaped\/wp-json\/wp\/v2\/comments?post=2977"}],"version-history":[{"count":1,"href":"https:\/\/www.medicina.ufmg.br\/observaped\/wp-json\/wp\/v2\/posts\/2977\/revisions"}],"predecessor-version":[{"id":2978,"href":"https:\/\/www.medicina.ufmg.br\/observaped\/wp-json\/wp\/v2\/posts\/2977\/revisions\/2978"}],"wp:attachment":[{"href":"https:\/\/www.medicina.ufmg.br\/observaped\/wp-json\/wp\/v2\/media?parent=2977"}],"wp:term":[{"taxonomy":"category","embeddable":true,"href":"https:\/\/www.medicina.ufmg.br\/observaped\/wp-json\/wp\/v2\/categories?post=2977"},{"taxonomy":"post_tag","embeddable":true,"href":"https:\/\/www.medicina.ufmg.br\/observaped\/wp-json\/wp\/v2\/tags?post=2977"}],"curies":[{"name":"wp","href":"https:\/\/api.w.org\/{rel}","templated":true}]}}