{"id":3077,"date":"2024-03-20T17:55:24","date_gmt":"2024-03-20T17:55:24","guid":{"rendered":"https:\/\/www.medicina.ufmg.br\/observaped\/?p=3077"},"modified":"2024-03-21T19:14:12","modified_gmt":"2024-03-21T19:14:12","slug":"insuficiencia-adrenal","status":"publish","type":"post","link":"https:\/\/www.medicina.ufmg.br\/observaped\/insuficiencia-adrenal\/","title":{"rendered":"Insufici\u00eancia adrenal"},"content":{"rendered":"\n<p>A insufici\u00eancia adrenal \u00e9 caracterizada pela incapacidade das gl\u00e2ndulas adrenais, localizadas acima dos rins, de produzirem quantidades adequadas de horm\u00f4nios essenciais, como o cortisol e a aldosterona. Esses horm\u00f4nios desempenham pap\u00e9is cruciais no controle do metabolismo, resposta ao estresse e regula\u00e7\u00e3o de \u00edons no corpo.<\/p>\n\n\n\n<p>As causas mais comuns de insufici\u00eancia adrenal prim\u00e1ria na inf\u00e2ncia incluem a doen\u00e7a de Addison, na qual o sistema imunol\u00f3gico ataca as gl\u00e2ndulas adrenais. J\u00e1 a insufici\u00eancia adrenal secund\u00e1ria pode ser decorrente de tumores, infec\u00e7\u00f5es ou les\u00f5es que afetam a hip\u00f3fise ou o hipot\u00e1lamo.<\/p>\n\n\n\n<p>Nas crian\u00e7as, os sintomas da insufici\u00eancia adrenal incluem fadiga extrema, fraqueza muscular, perda de peso, baixa press\u00e3o arterial, n\u00e1useas, v\u00f4mitos e desidrata\u00e7\u00e3o. Al\u00e9m disso, devido \u00e0 influ\u00eancia dos horm\u00f4nios adrenalina e cortisol na regula\u00e7\u00e3o desses processos, o crescimento e o desenvolvimento podem ser afetados, ocorrendo desacelera\u00e7\u00e3o.<\/p>\n\n\n\n<p>O tratamento envolve a reposi\u00e7\u00e3o de horm\u00f4nios atrav\u00e9s de medicamentos, como corticosteroides, sob supervis\u00e3o m\u00e9dica, visando garantir o crescimento saud\u00e1vel, o desenvolvimento e a qualidade de vida das crian\u00e7as afetadas pela doen\u00e7a.<\/p>\n\n\n\n<p>Este conte\u00fado foi produzido por estagi\u00e1rios do curso de Medicina e de Enfermagem da UFMG, sob supervis\u00e3o de professores do Departamento de Pediatria.<\/p>\n\n\n\n<figure class=\"wp-block-image size-full\"><a href=\"https:\/\/www.medicina.ufmg.br\/observaped\/wp-content\/uploads\/sites\/37\/2024\/03\/insuficiencia-adrenal.png\"><img fetchpriority=\"high\" decoding=\"async\" width=\"266\" height=\"190\" src=\"https:\/\/www.medicina.ufmg.br\/observaped\/wp-content\/uploads\/sites\/37\/2024\/03\/insuficiencia-adrenal.png\" alt=\"\" class=\"wp-image-3090\"\/><\/a><\/figure>\n\n\n\n<p><\/p>\n\n\n\n<p><strong>Refer\u00eancias<\/strong><\/p>\n\n\n\n<p>Husebye ES, Pearce SH, Krone NP, K\u00e4mpe O. Adrenal insufficiency. <strong>Lancet.<\/strong> 2021 Feb 13;397(10274):613-629. doi: 10.1016\/S0140-6736(21)00136-7. Epub 2021 Jan 20. PMID: 33484633.<\/p>\n\n\n\n<p>Bancos I, Hahner S, Tomlinson, Arlt W. Diagnosis and management of adrenal insufficiency. <strong>Lancet Diabetes Endocrinol<\/strong>_._2015;<em>3<\/em>:216-226<\/p>\n","protected":false},"excerpt":{"rendered":"<p>A insufici\u00eancia adrenal \u00e9 caracterizada pela incapacidade das gl\u00e2ndulas adrenais, localizadas acima dos rins, de produzirem quantidades adequadas de horm\u00f4nios&#8230;<\/p>\n","protected":false},"author":17,"featured_media":0,"comment_status":"open","ping_status":"open","sticky":false,"template":"","format":"standard","meta":{"footnotes":""},"categories":[43,12],"tags":[],"class_list":["post-3077","post","type-post","status-publish","format-standard","hentry","category-c30-i","category-pediatria-de-a-a-z"],"_links":{"self":[{"href":"https:\/\/www.medicina.ufmg.br\/observaped\/wp-json\/wp\/v2\/posts\/3077","targetHints":{"allow":["GET"]}}],"collection":[{"href":"https:\/\/www.medicina.ufmg.br\/observaped\/wp-json\/wp\/v2\/posts"}],"about":[{"href":"https:\/\/www.medicina.ufmg.br\/observaped\/wp-json\/wp\/v2\/types\/post"}],"author":[{"embeddable":true,"href":"https:\/\/www.medicina.ufmg.br\/observaped\/wp-json\/wp\/v2\/users\/17"}],"replies":[{"embeddable":true,"href":"https:\/\/www.medicina.ufmg.br\/observaped\/wp-json\/wp\/v2\/comments?post=3077"}],"version-history":[{"count":2,"href":"https:\/\/www.medicina.ufmg.br\/observaped\/wp-json\/wp\/v2\/posts\/3077\/revisions"}],"predecessor-version":[{"id":3091,"href":"https:\/\/www.medicina.ufmg.br\/observaped\/wp-json\/wp\/v2\/posts\/3077\/revisions\/3091"}],"wp:attachment":[{"href":"https:\/\/www.medicina.ufmg.br\/observaped\/wp-json\/wp\/v2\/media?parent=3077"}],"wp:term":[{"taxonomy":"category","embeddable":true,"href":"https:\/\/www.medicina.ufmg.br\/observaped\/wp-json\/wp\/v2\/categories?post=3077"},{"taxonomy":"post_tag","embeddable":true,"href":"https:\/\/www.medicina.ufmg.br\/observaped\/wp-json\/wp\/v2\/tags?post=3077"}],"curies":[{"name":"wp","href":"https:\/\/api.w.org\/{rel}","templated":true}]}}