{"id":530,"date":"2014-10-29T15:45:07","date_gmt":"2014-10-29T15:45:07","guid":{"rendered":"http:\/\/observaped.new\/2014\/10\/29\/nariz-entupido-obstrucao-nasal\/"},"modified":"2020-07-24T12:59:29","modified_gmt":"2020-07-24T12:59:29","slug":"nariz-entupido-obstrucao-nasal","status":"publish","type":"post","link":"https:\/\/www.medicina.ufmg.br\/observaped\/nariz-entupido-obstrucao-nasal\/","title":{"rendered":"Nariz entupido (Obstru\u00e7\u00e3o nasal)"},"content":{"rendered":"\n<div class=\"wp-block-image\"><figure class=\"alignleft is-resized\"><img decoding=\"async\" src=\"https:\/\/www.medicina.ufmg.br\/observaped\/wp-content\/uploads\/sites\/37\/2019\/04\/nariz_entupido.jpeg.jpg\" alt=\"\" class=\"wp-image-1728\" width=\"294\" height=\"165\" srcset=\"https:\/\/www.medicina.ufmg.br\/observaped\/wp-content\/uploads\/sites\/37\/2019\/04\/nariz_entupido.jpeg.jpg 738w, https:\/\/www.medicina.ufmg.br\/observaped\/wp-content\/uploads\/sites\/37\/2019\/04\/nariz_entupido.jpeg-300x169.jpg 300w, https:\/\/www.medicina.ufmg.br\/observaped\/wp-content\/uploads\/sites\/37\/2019\/04\/nariz_entupido.jpeg-250x141.jpg 250w, https:\/\/www.medicina.ufmg.br\/observaped\/wp-content\/uploads\/sites\/37\/2019\/04\/nariz_entupido.jpeg-550x309.jpg 550w, https:\/\/www.medicina.ufmg.br\/observaped\/wp-content\/uploads\/sites\/37\/2019\/04\/nariz_entupido.jpeg-320x180.jpg 320w, https:\/\/www.medicina.ufmg.br\/observaped\/wp-content\/uploads\/sites\/37\/2019\/04\/nariz_entupido.jpeg-533x300.jpg 533w\" sizes=\"(max-width: 294px) 100vw, 294px\" \/><\/figure><\/div>\n\n\n\n<p>A obstru\u00e7\u00e3o nasal \u00e9 um sintoma\nmuito comum na inf\u00e2ncia podendo levar a dificuldade na respira\u00e7\u00e3o e na\nalimenta\u00e7\u00e3o. Uma das causas mais frequentes \u00e9 a inflama\u00e7\u00e3o da mucosa e a\npresen\u00e7a de secre\u00e7\u00e3o nasal, na maioria das vezes decorrente de <a href=\"https:\/\/www.medicina.ufmg.br\/observaped\/gripes-e-resfriados\/\"><strong>gripes, resfriados<\/strong><\/a>\nou <a href=\"https:\/\/www.medicina.ufmg.br\/observaped\/rinite-alergica\/\"><strong>alergia respirat\u00f3ria<\/strong><\/a>.\nNesses casos, o tratamento deve ser apenas a lavagem das narinas com soro\nfisiol\u00f3gico v\u00e1rias vezes ao dia. O uso de medicamentos descongestionantes\n(vasoconstritores) deve ser desaconselhado, principalmente por via local.\nPreventivamente, devem-se <a href=\"https:\/\/www.medicina.ufmg.br\/observaped\/calendario-vacinal\/\"><strong>vacinar<\/strong><\/a> as crian\u00e7as\ncontra influenza e estabelecer cuidados para a alergia respirat\u00f3ria. <\/p>\n\n\n\n<p>Outra causa \u00e9 a presen\u00e7a de\ncorpos estranhos, como gr\u00e3os e pequenas pe\u00e7as de brinquedos. A crian\u00e7a pode\napresentar, al\u00e9m da obstru\u00e7\u00e3o nasal, secre\u00e7\u00e3o purulenta e mal cheirosa em apenas\num lado do nariz, que persiste por v\u00e1rios dias. Deve-se procurar atendimento\nm\u00e9dico para que o corpo estranho seja retirado adequadamente.<\/p>\n\n\n\n<p>Obstru\u00e7\u00e3o nasal cr\u00f4nica\nacompanhada de respira\u00e7\u00e3o bucal e ronco deve levar \u00e0 suspeita de hipertrofia de\nadenoides e am\u00edgdalas, que deve ser avaliada para tratamento cl\u00ednico ou at\u00e9\nmesmo cir\u00fargico.<\/p>\n\n\n\n<p>Caso a crian\u00e7a apresente\ndificuldade respirat\u00f3ria que continua ap\u00f3s limpeza do nariz, associada \u00e0\nrespira\u00e7\u00e3o gemente, batimento das asas do nariz, chieira, apatia, desinteresse\npela <a href=\"https:\/\/www.medicina.ufmg.br\/observaped\/alimentacao\/\"><strong>alimenta\u00e7\u00e3o<\/strong><\/a> ou\npor l\u00edquidos, palidez ou febre que n\u00e3o cede \u00e0s medidas de controle, isso deve\nser motivo de preocupa\u00e7\u00e3o, e o m\u00e9dico tamb\u00e9m deve ser procurado.<\/p>\n\n\n\n<div>&nbsp;<\/div>\n","protected":false},"excerpt":{"rendered":"<p>A obstru\u00e7\u00e3o nasal \u00e9 um sintoma muito comum na inf\u00e2ncia podendo levar a dificuldade na respira\u00e7\u00e3o e na alimenta\u00e7\u00e3o.<\/p>\n","protected":false},"author":23,"featured_media":0,"comment_status":"closed","ping_status":"closed","sticky":false,"template":"","format":"standard","meta":{"footnotes":""},"categories":[49,50,12],"tags":[],"class_list":["post-530","post","type-post","status-publish","format-standard","hentry","category-c35-n","category-c36-o","category-pediatria-de-a-a-z"],"_links":{"self":[{"href":"https:\/\/www.medicina.ufmg.br\/observaped\/wp-json\/wp\/v2\/posts\/530","targetHints":{"allow":["GET"]}}],"collection":[{"href":"https:\/\/www.medicina.ufmg.br\/observaped\/wp-json\/wp\/v2\/posts"}],"about":[{"href":"https:\/\/www.medicina.ufmg.br\/observaped\/wp-json\/wp\/v2\/types\/post"}],"author":[{"embeddable":true,"href":"https:\/\/www.medicina.ufmg.br\/observaped\/wp-json\/wp\/v2\/users\/23"}],"replies":[{"embeddable":true,"href":"https:\/\/www.medicina.ufmg.br\/observaped\/wp-json\/wp\/v2\/comments?post=530"}],"version-history":[{"count":3,"href":"https:\/\/www.medicina.ufmg.br\/observaped\/wp-json\/wp\/v2\/posts\/530\/revisions"}],"predecessor-version":[{"id":2362,"href":"https:\/\/www.medicina.ufmg.br\/observaped\/wp-json\/wp\/v2\/posts\/530\/revisions\/2362"}],"wp:attachment":[{"href":"https:\/\/www.medicina.ufmg.br\/observaped\/wp-json\/wp\/v2\/media?parent=530"}],"wp:term":[{"taxonomy":"category","embeddable":true,"href":"https:\/\/www.medicina.ufmg.br\/observaped\/wp-json\/wp\/v2\/categories?post=530"},{"taxonomy":"post_tag","embeddable":true,"href":"https:\/\/www.medicina.ufmg.br\/observaped\/wp-json\/wp\/v2\/tags?post=530"}],"curies":[{"name":"wp","href":"https:\/\/api.w.org\/{rel}","templated":true}]}}