{"id":51,"date":"2013-11-11T15:41:37","date_gmt":"2013-11-11T15:41:37","guid":{"rendered":"https:\/\/www.medicina.ufmg.br\/observapedforum\/?p=51"},"modified":"2014-02-10T12:41:41","modified_gmt":"2014-02-10T12:41:41","slug":"varicela-catapora-2","status":"publish","type":"post","link":"https:\/\/www.medicina.ufmg.br\/observapedforum\/2013\/11\/varicela-catapora-2\/","title":{"rendered":"Varicela (catapora)"},"content":{"rendered":"<p><strong>Como reconhecer a varicela?<\/strong><\/p>\n<p>Antes de surgirem as les\u00f5es na pele, pode haver febre baixa ou moderada, (podendo durar de horas at\u00e9 tr\u00eas dias), dor de cabe\u00e7a, falta de apetite e v\u00f4mito. Depois, surgem pequenas m\u00e1culo-p\u00e1pulas que em algumas horas tornam-se ves\u00edculas que se rompem e evoluem para forma\u00e7\u00e3o de p\u00fastulas que, cerca de um a tr\u00eas dias depois formam crostas. Surgem primeiro no tronco e espalham-se para face, membros e couro cabeludo (distribui\u00e7\u00e3o centr\u00edpeta), causam intenso prurido (\u201ccoceira\u201d) e est\u00e3o presentes n\u00e3o apenas na pele, mas tamb\u00e9m em mucosas (oral, genital, respirat\u00f3ria e conjuntival). Pela cor clara da ves\u00edcula sobre a base hiperemiada (vermelha) as les\u00f5es s\u00e3o conhecidas como \u201cgota de orvalho em p\u00e9talas de rosa\u201d.<\/p>\n<p><strong> O que fazer se suspeitar da doen\u00e7a?<\/strong><\/p>\n<p>Ao surgimento dos sintomas sugestivos de Varicela, \u00e9 preciso buscar atendimento m\u00e9dico para confirmar o diagn\u00f3stico, evitar complica\u00e7\u00f5es e avaliar a necessidade de prote\u00e7\u00e3o dos comunicantes. O diagn\u00f3stico \u00e9 essencialmente cl\u00ednico, ou seja, na pr\u00e1tica, n\u00e3o \u00e9 necess\u00e1rio realizar exames laboratoriais para confirmar a presen\u00e7a da doen\u00e7a.<\/p>\n<p><strong> Com se trata a doen\u00e7a?<\/strong><\/p>\n<p>Apenas o m\u00e9dico pode dizer quais medicamentos ser\u00e3o necess\u00e1rios. Em geral s\u00e3o usados\u00a0medicamentos para aliviar o prurido (\u201ccoceira\u201d), para controlar a febre e, se necess\u00e1rio, antibi\u00f3ticos s\u00e3o indicados apenas para tratar as les\u00f5es com infe\u00e7\u00e3o secund\u00e1ria por bact\u00e9rias. Em alguns casos, antivirais como o aciclovir podem ser necess\u00e1rios.<\/p>\n<p><a href=\"ftp:\/\/ftp.medicina.ufmg.br\/observaped\/trabalhos\/2013\/Varicela_bibliografia_forum.pdf\" target=\"_blank\"><strong>Refer\u00eancias bibliogr\u00e1ficas<\/strong><\/a><\/p>\n<p><strong>Leia mais e responda ao quiz<\/strong> <a href=\"http:\/\/medicina.ufmg.br\/quizobservaped\/varicela.php\"><strong>AQUI<\/strong><\/a>!<\/p>\n<p><strong>D\u00favidas? Perguntas? Sugest\u00f5es? Escreva para n\u00f3s!<\/strong><br \/>\n<strong>E-mail: <span style=\"color: #ff0000;\">mitoseveradadesobservaped@gmail.com<\/span><\/strong><\/p>\n","protected":false},"excerpt":{"rendered":"<p>Como reconhecer a varicela? Antes de surgirem as les\u00f5es na pele, pode haver febre baixa ou moderada, (podendo durar de horas at\u00e9 tr\u00eas dias), dor de cabe\u00e7a, falta de apetite e v\u00f4mito. Depois, surgem pequenas m\u00e1culo-p\u00e1pulas que em algumas horas tornam-se ves\u00edculas que se rompem e evoluem para forma\u00e7\u00e3o de p\u00fastulas que, cerca de um [&hellip;]<\/p>\n","protected":false},"author":26,"featured_media":0,"comment_status":"open","ping_status":"open","sticky":false,"template":"","format":"standard","meta":{"footnotes":""},"categories":[4],"tags":[],"class_list":["post-51","post","type-post","status-publish","format-standard","hentry","category-varicela"],"_links":{"self":[{"href":"https:\/\/www.medicina.ufmg.br\/observapedforum\/wp-json\/wp\/v2\/posts\/51","targetHints":{"allow":["GET"]}}],"collection":[{"href":"https:\/\/www.medicina.ufmg.br\/observapedforum\/wp-json\/wp\/v2\/posts"}],"about":[{"href":"https:\/\/www.medicina.ufmg.br\/observapedforum\/wp-json\/wp\/v2\/types\/post"}],"author":[{"embeddable":true,"href":"https:\/\/www.medicina.ufmg.br\/observapedforum\/wp-json\/wp\/v2\/users\/26"}],"replies":[{"embeddable":true,"href":"https:\/\/www.medicina.ufmg.br\/observapedforum\/wp-json\/wp\/v2\/comments?post=51"}],"version-history":[{"count":22,"href":"https:\/\/www.medicina.ufmg.br\/observapedforum\/wp-json\/wp\/v2\/posts\/51\/revisions"}],"predecessor-version":[{"id":92,"href":"https:\/\/www.medicina.ufmg.br\/observapedforum\/wp-json\/wp\/v2\/posts\/51\/revisions\/92"}],"wp:attachment":[{"href":"https:\/\/www.medicina.ufmg.br\/observapedforum\/wp-json\/wp\/v2\/media?parent=51"}],"wp:term":[{"taxonomy":"category","embeddable":true,"href":"https:\/\/www.medicina.ufmg.br\/observapedforum\/wp-json\/wp\/v2\/categories?post=51"},{"taxonomy":"post_tag","embeddable":true,"href":"https:\/\/www.medicina.ufmg.br\/observapedforum\/wp-json\/wp\/v2\/tags?post=51"}],"curies":[{"name":"wp","href":"https:\/\/api.w.org\/{rel}","templated":true}]}}