{"id":1002,"date":"2014-10-06T00:00:00","date_gmt":"2014-10-06T00:00:00","guid":{"rendered":"http:\/\/radio.acs.ufmg\/?p=1002"},"modified":"2020-05-27T21:30:47","modified_gmt":"2020-05-27T21:30:47","slug":"superando-a-violencia","status":"publish","type":"post","link":"https:\/\/www.medicina.ufmg.br\/saudecomciencia\/2014\/10\/06\/superando-a-violencia\/","title":{"rendered":"Superando a Viol\u00eancia"},"content":{"rendered":"<p class=\"subtitulo\"><strong>De 06\/10 a 10\/10\/2014<\/strong><\/p>\n<p class=\"texto\"> Seja na rua, no ambiente de trabalho ou dentro da pr\u00f3pria casa. A viol\u00eancia contra o outro \u00e9 um conjunto de a\u00e7\u00f5es e comportamentos que podem dar origem a traumas f\u00edsicos, psicol\u00f3gicos, morais e sociais, nem sempre percept\u00edveis. Por isso, o Sa\u00fade com Ci\u00eancia apresenta a s\u00e9rie \u201cSuperando a Viol\u00eancia\u201d, que define alguns tipos de agress\u00e3o, suas consequ\u00eancias e as melhores formas de a pessoa seguir em frente.<\/p>\n<p class=\"texto\"><strong>Programa 1<\/strong><br \/>\n<strong>Viol\u00eancia sexual contra a mulher<\/strong><br \/>\n<strong>Segunda-feira (06\/10\/2014)<\/strong><br \/>\n<strong>Dura\u00e7\u00e3o: <\/strong>4min18<br \/>\n<strong>Entrevistada:<\/strong><strong>Eliara Thomaz Froes<\/strong> \u2013 psic\u00f3loga do N\u00facleo de Aten\u00e7\u00e3o \u00e0 Sa\u00fade da Mulher do Hospital Odilon Behrens; doutora pelo Programa de P\u00f3s-Gradua\u00e7\u00e3o em Sa\u00fade da Mulher da Faculdade de Medicina da UFMG.<br \/>\n<a class=\"textolinkbold\" href=\"http:\/\/ftp.medicina.ufmg.br\/radio\/programas\/2014\/superando_a_violencia\/Saudecomciencia-SuperandoaViolencia-Segunda.zip\">download do arquivo em MP3<\/a><\/p>\n<p class=\"texto\"><strong>Programa 2<\/strong><br \/>\n<strong>Viol\u00eancia dom\u00e9stica<\/strong><br \/>\n<strong>Ter\u00e7a-feira (07\/10\/2014)<\/strong><br \/>\n<strong>Dura\u00e7\u00e3o:<\/strong>4min05<br \/>\n<strong>Entrevistada: Doriana Oz\u00f3lio Alves Rosa <\/strong>\u2013 fonoaudi\u00f3loga da Prefeitura Municipal de Belo Horizonte-MG; mestre pelo Programa de P\u00f3s-Gradua\u00e7\u00e3o em Promo\u00e7\u00e3o da Sa\u00fade e Preven\u00e7\u00e3o da Viol\u00eancia da Faculdade de Medicina da UFMG.<br \/>\n<strong><em>Povo Fala:<\/em><\/strong> Judite de F\u00e1tima dos Santos, dona de casa, 50.<br \/>\n<a class=\"textolinkbold\" href=\"http:\/\/ftp.medicina.ufmg.br\/radio\/programas\/2014\/superando_a_violencia\/Saudecomciencia-SuperandoaViolencia-Terca.zip\">download do arquivo em MP3<\/a><\/p>\n<p class=\"texto\"><strong>Programa 3<\/strong><br \/>\n<strong>Viol\u00eancia psicol\u00f3gica e ass\u00e9dio moral<\/strong><br \/>\n<strong>Quarta-feira (08\/10\/2014)<\/strong><br \/>\n<strong>Dura\u00e7\u00e3o: <\/strong>4min19<br \/>\n<strong>Entrevistada:<\/strong><strong> C\u00edntia Satiko Fuzikawa<\/strong> \u2013 professora adjunta do Departamento de Sa\u00fade Mental (SAM) da Faculdade de Medicina da UFMG.<br \/>\n<a class=\"textolinkbold\" href=\"http:\/\/ftp.medicina.ufmg.br\/radio\/programas\/2014\/superando_a_violencia\/Saudecomciencia-SuperandoaViolencia-Quarta.zip\">download do arquivo em MP3<\/a><\/p>\n<p class=\"texto\"><strong>Programa 4<\/strong><br \/>\n<strong>Viol\u00eancia de g\u00eanero<\/strong><br \/>\n<strong>Quinta-feira (09\/10\/2014)<\/strong><br \/>\n<strong>Dura\u00e7\u00e3o:<\/strong> 4min07<br \/>\n<strong>Entrevistadas:<\/strong><strong>\u00a0<\/strong><strong>Eliara Thomaz Froes <\/strong>\u2013 psic\u00f3loga do N\u00facleo de Aten\u00e7\u00e3o \u00e0 Sa\u00fade da Mulher do Hospital Odilon Behrens; doutora pelo Programa de P\u00f3s-Gradua\u00e7\u00e3o em Sa\u00fade da Mulher da Faculdade de Medicina da UFMG.<br \/>\n<strong> Gilmara Oliveira<\/strong> \u2013 artista visual, performer e pesquisadora do tema \u201cviol\u00eancia de g\u00eanero\u201d.<\/p>\n<p><a class=\"textolinkbold\" href=\"http:\/\/ftp.medicina.ufmg.br\/radio\/programas\/2014\/superando_a_violencia\/Saudecomciencia-SuperandoaViolencia-Quinta.zip\">download do arquivo em MP3<\/a><\/p>\n<p class=\"texto\"><strong>Programa 5<\/strong><br \/>\n<strong>Desafios e obst\u00e1culos<\/strong><br \/>\n<strong>Sexta-feira (10\/10\/2014)<\/strong><br \/>\n<strong>Dura\u00e7\u00e3o:<\/strong> 4min16<br \/>\n<strong>Entrevistada: Elza Machado de Melo <\/strong>\u2013 professora associada do Departamento de Medicina Preventiva e Social (MPS); coordenadora do N\u00facleo de Sa\u00fade e Paz da Faculdade de Medicina da UFMG.<br \/>\n<a class=\"textolinkbold\" href=\"http:\/\/ftp.medicina.ufmg.br\/radio\/programas\/2014\/superando_a_violencia\/Saudecomciencia-SuperandoaViolencia-Sexta.zip\">download do arquivo em MP3<\/a><\/p>\n<p class=\"texto\" align=\"justify\">\n","protected":false},"excerpt":{"rendered":"<p>De 06\/10 a 10\/10\/2014 Seja na rua, no ambiente de trabalho ou dentro da pr\u00f3pria casa. A viol\u00eancia contra o outro \u00e9 um conjunto de a\u00e7\u00f5es e comportamentos que podem dar origem a traumas f\u00edsicos, psicol\u00f3gicos, morais e sociais, nem sempre percept\u00edveis. Por isso, o Sa\u00fade com Ci\u00eancia apresenta a s\u00e9rie \u201cSuperando a Viol\u00eancia\u201d, que &hellip; <\/p>\n<p class=\"link-more\"><a href=\"https:\/\/www.medicina.ufmg.br\/saudecomciencia\/2014\/10\/06\/superando-a-violencia\/\" class=\"more-link\">Continue lendo<span class=\"screen-reader-text\"> &#8220;Superando a Viol\u00eancia&#8221;<\/span><\/a><\/p>\n","protected":false},"author":10,"featured_media":1983,"comment_status":"open","ping_status":"open","sticky":false,"template":"","format":"standard","meta":{"footnotes":""},"categories":[1],"tags":[],"class_list":["post-1002","post","type-post","status-publish","format-standard","has-post-thumbnail","hentry","category-programas"],"_links":{"self":[{"href":"https:\/\/www.medicina.ufmg.br\/saudecomciencia\/wp-json\/wp\/v2\/posts\/1002","targetHints":{"allow":["GET"]}}],"collection":[{"href":"https:\/\/www.medicina.ufmg.br\/saudecomciencia\/wp-json\/wp\/v2\/posts"}],"about":[{"href":"https:\/\/www.medicina.ufmg.br\/saudecomciencia\/wp-json\/wp\/v2\/types\/post"}],"author":[{"embeddable":true,"href":"https:\/\/www.medicina.ufmg.br\/saudecomciencia\/wp-json\/wp\/v2\/users\/10"}],"replies":[{"embeddable":true,"href":"https:\/\/www.medicina.ufmg.br\/saudecomciencia\/wp-json\/wp\/v2\/comments?post=1002"}],"version-history":[{"count":1,"href":"https:\/\/www.medicina.ufmg.br\/saudecomciencia\/wp-json\/wp\/v2\/posts\/1002\/revisions"}],"predecessor-version":[{"id":6763,"href":"https:\/\/www.medicina.ufmg.br\/saudecomciencia\/wp-json\/wp\/v2\/posts\/1002\/revisions\/6763"}],"wp:featuredmedia":[{"embeddable":true,"href":"https:\/\/www.medicina.ufmg.br\/saudecomciencia\/wp-json\/wp\/v2\/media\/1983"}],"wp:attachment":[{"href":"https:\/\/www.medicina.ufmg.br\/saudecomciencia\/wp-json\/wp\/v2\/media?parent=1002"}],"wp:term":[{"taxonomy":"category","embeddable":true,"href":"https:\/\/www.medicina.ufmg.br\/saudecomciencia\/wp-json\/wp\/v2\/categories?post=1002"},{"taxonomy":"post_tag","embeddable":true,"href":"https:\/\/www.medicina.ufmg.br\/saudecomciencia\/wp-json\/wp\/v2\/tags?post=1002"}],"curies":[{"name":"wp","href":"https:\/\/api.w.org\/{rel}","templated":true}]}}