{"id":10035,"date":"2025-01-31T13:37:48","date_gmt":"2025-01-31T13:37:48","guid":{"rendered":"https:\/\/www.medicina.ufmg.br\/radio\/?p=10035"},"modified":"2025-01-31T18:12:42","modified_gmt":"2025-01-31T18:12:42","slug":"anemia","status":"publish","type":"post","link":"https:\/\/www.medicina.ufmg.br\/saudecomciencia\/2025\/01\/31\/anemia\/","title":{"rendered":"Anemia"},"content":{"rendered":"\n<figure class=\"wp-block-image size-large\"><img fetchpriority=\"high\" decoding=\"async\" width=\"1024\" height=\"230\" src=\"https:\/\/www.medicina.ufmg.br\/radio\/wp-content\/uploads\/sites\/88\/2025\/01\/Banner-Anemia-06-1024x230.png\" alt=\"\" class=\"wp-image-10036\" srcset=\"https:\/\/www.medicina.ufmg.br\/saudecomciencia\/wp-content\/uploads\/sites\/88\/2025\/01\/Banner-Anemia-06-1024x230.png 1024w, https:\/\/www.medicina.ufmg.br\/saudecomciencia\/wp-content\/uploads\/sites\/88\/2025\/01\/Banner-Anemia-06-300x67.png 300w, https:\/\/www.medicina.ufmg.br\/saudecomciencia\/wp-content\/uploads\/sites\/88\/2025\/01\/Banner-Anemia-06-768x173.png 768w, https:\/\/www.medicina.ufmg.br\/saudecomciencia\/wp-content\/uploads\/sites\/88\/2025\/01\/Banner-Anemia-06-1536x345.png 1536w, https:\/\/www.medicina.ufmg.br\/saudecomciencia\/wp-content\/uploads\/sites\/88\/2025\/01\/Banner-Anemia-06-2048x461.png 2048w\" sizes=\"(max-width: 706px) 89vw, (max-width: 767px) 82vw, 740px\" \/><\/figure>\n\n\n\n<p class=\"wp-block-paragraph\"><strong>03\/02 a 06\/02<\/strong><\/p>\n\n\n\n<p class=\"wp-block-paragraph\">Segundo dados da Pesquisa Nacional em Demografia e Sa\u00fade, em 2022, 21% das crian\u00e7as brasileiras menores de cinco anos apresentavam quadros de anemia. Entre as mulheres, a preval\u00eancia era de quase 30%. O tipo mais comum da doen\u00e7a \u00e9 a anemia ferropriva, que ocorre quando o organismo apresenta defici\u00eancia de ferro. De acordo com a Organiza\u00e7\u00e3o Mundial da Sa\u00fade, aproximadamente 90% dos casos de anemia s\u00e3o causados por falta nutricional do mineral.<\/p>\n\n\n\n<p class=\"wp-block-paragraph\">No Sa\u00fade com Ci\u00eancia desta semana, vamos conversar sobre a anemia. Iremos explicar os diferentes tipos da doen\u00e7a, as formas de diagn\u00f3stico e os perigos \u00e0 sa\u00fade apresentados por uma anemia n\u00e3o tratada. Al\u00e9m disso, discutiremos as formas de diagn\u00f3stico, preven\u00e7\u00e3o e poss\u00edveis sequelas de uma anemia severa.<\/p>\n\n\n\n<p class=\"wp-block-paragraph\"><strong>Convidada:<\/strong><\/p>\n\n\n\n<p class=\"wp-block-paragraph\"><strong>Camila Silva Peres Cancela<\/strong> <strong>\u2013<\/strong> professora do Departamento de Pediatria da Faculdade de Medicina da UFMG<\/p>\n\n\n<div class=\"wp-playlist wp-audio-playlist wp-playlist-light\">\n\t\t\t<div class=\"wp-playlist-current-item\"><\/div>\n\t\t<audio controls=\"controls\" preload=\"none\" width=\"503\"\n\t\t\t><\/audio>\n\t<div class=\"wp-playlist-next\"><\/div>\n\t<div class=\"wp-playlist-prev\"><\/div>\n\t<noscript>\n\t<ol>\n\t\t<li><a href='https:\/\/www.medicina.ufmg.br\/saudecomciencia\/wp-content\/uploads\/sites\/88\/2025\/01\/2025_02_03-Segunda-feira-Tipos-e-causas.mp3'>Segunda-feira: Tipos e causas<\/a><\/li><li><a href='https:\/\/www.medicina.ufmg.br\/saudecomciencia\/wp-content\/uploads\/sites\/88\/2025\/01\/2025_02_04-Terca-feira-Diagnostico-e-fatores-de-risco.mp3'>Ter\u00e7a-feira: Diagn\u00f3stico e fatores de risco<\/a><\/li><li><a href='https:\/\/www.medicina.ufmg.br\/saudecomciencia\/wp-content\/uploads\/sites\/88\/2025\/01\/2025_02_05-Quarta-feira-Prevencao.mp3'>Quarta-feira: Preven\u00e7\u00e3o<\/a><\/li><li><a href='https:\/\/www.medicina.ufmg.br\/saudecomciencia\/wp-content\/uploads\/sites\/88\/2025\/01\/2025_02_06-Quinta-feira-Tratamento-e-sequelas.mp3'>Quinta-feira: Tratamentos e sequelas<\/a><\/li>\t<\/ol>\n\t<\/noscript>\n\t<script type=\"application\/json\" class=\"wp-playlist-script\">{\"type\":\"audio\",\"tracklist\":true,\"tracknumbers\":true,\"images\":true,\"artists\":true,\"tracks\":[{\"src\":\"https:\/\/www.medicina.ufmg.br\/saudecomciencia\/wp-content\/uploads\/sites\/88\/2025\/01\/2025_02_03-Segunda-feira-Tipos-e-causas.mp3\",\"type\":\"audio\/mpeg\",\"title\":\"Segunda-feira: Tipos e causas\",\"caption\":\"\",\"description\":\"\\\"Segunda-feira\\\". Lan\\u00e7ado: 2025. G\\u00eanero: Blues.\",\"meta\":{\"genre\":\"Blues\",\"year\":\"2025\",\"length_formatted\":\"5:14\"},\"image\":{\"src\":\"https:\/\/www.medicina.ufmg.br\/saudecomciencia\/wp-includes\/images\/media\/audio.svg\",\"width\":48,\"height\":64},\"thumb\":{\"src\":\"https:\/\/www.medicina.ufmg.br\/saudecomciencia\/wp-includes\/images\/media\/audio.svg\",\"width\":48,\"height\":64}},{\"src\":\"https:\/\/www.medicina.ufmg.br\/saudecomciencia\/wp-content\/uploads\/sites\/88\/2025\/01\/2025_02_04-Terca-feira-Diagnostico-e-fatores-de-risco.mp3\",\"type\":\"audio\/mpeg\",\"title\":\"Ter\\u00e7a-feira: Diagn\\u00f3stico e fatores de risco\",\"caption\":\"\",\"description\":\"\\\"Ter\\u00e7a-feira\\\". Lan\\u00e7ado: 2025. G\\u00eanero: Blues.\",\"meta\":{\"genre\":\"Blues\",\"year\":\"2025\",\"length_formatted\":\"5:35\"},\"image\":{\"src\":\"https:\/\/www.medicina.ufmg.br\/saudecomciencia\/wp-includes\/images\/media\/audio.svg\",\"width\":48,\"height\":64},\"thumb\":{\"src\":\"https:\/\/www.medicina.ufmg.br\/saudecomciencia\/wp-includes\/images\/media\/audio.svg\",\"width\":48,\"height\":64}},{\"src\":\"https:\/\/www.medicina.ufmg.br\/saudecomciencia\/wp-content\/uploads\/sites\/88\/2025\/01\/2025_02_05-Quarta-feira-Prevencao.mp3\",\"type\":\"audio\/mpeg\",\"title\":\"Quarta-feira: Preven\\u00e7\\u00e3o\",\"caption\":\"\",\"description\":\"\\\"Quarta-feira\\\". Lan\\u00e7ado: 2025. G\\u00eanero: Blues.\",\"meta\":{\"genre\":\"Blues\",\"year\":\"2025\",\"length_formatted\":\"5:20\"},\"image\":{\"src\":\"https:\/\/www.medicina.ufmg.br\/saudecomciencia\/wp-includes\/images\/media\/audio.svg\",\"width\":48,\"height\":64},\"thumb\":{\"src\":\"https:\/\/www.medicina.ufmg.br\/saudecomciencia\/wp-includes\/images\/media\/audio.svg\",\"width\":48,\"height\":64}},{\"src\":\"https:\/\/www.medicina.ufmg.br\/saudecomciencia\/wp-content\/uploads\/sites\/88\/2025\/01\/2025_02_06-Quinta-feira-Tratamento-e-sequelas.mp3\",\"type\":\"audio\/mpeg\",\"title\":\"Quinta-feira: Tratamentos e sequelas\",\"caption\":\"\",\"description\":\"\\\"Quinta-feira\\\". Lan\\u00e7ado: 2025. G\\u00eanero: Blues.\",\"meta\":{\"genre\":\"Blues\",\"year\":\"2025\",\"length_formatted\":\"5:34\"},\"image\":{\"src\":\"https:\/\/www.medicina.ufmg.br\/saudecomciencia\/wp-includes\/images\/media\/audio.svg\",\"width\":48,\"height\":64},\"thumb\":{\"src\":\"https:\/\/www.medicina.ufmg.br\/saudecomciencia\/wp-includes\/images\/media\/audio.svg\",\"width\":48,\"height\":64}}]}<\/script>\n<\/div>\n\t","protected":false},"excerpt":{"rendered":"<p>03\/02 a 06\/02 Segundo dados da Pesquisa Nacional em Demografia e Sa\u00fade, em 2022, 21% das crian\u00e7as brasileiras menores de cinco anos apresentavam quadros de anemia. Entre as mulheres, a preval\u00eancia era de quase 30%. O tipo mais comum da doen\u00e7a \u00e9 a anemia ferropriva, que ocorre quando o organismo apresenta defici\u00eancia de ferro. De &hellip; <\/p>\n<p class=\"link-more\"><a href=\"https:\/\/www.medicina.ufmg.br\/saudecomciencia\/2025\/01\/31\/anemia\/\" class=\"more-link\">Continue lendo<span class=\"screen-reader-text\"> &#8220;Anemia&#8221;<\/span><\/a><\/p>\n","protected":false},"author":112,"featured_media":10042,"comment_status":"closed","ping_status":"closed","sticky":false,"template":"","format":"standard","meta":{"footnotes":""},"categories":[1],"tags":[27,527,434,207],"class_list":["post-10035","post","type-post","status-publish","format-standard","has-post-thumbnail","hentry","category-programas","tag-anemia","tag-hematologia","tag-pediatria","tag-sangue"],"_links":{"self":[{"href":"https:\/\/www.medicina.ufmg.br\/saudecomciencia\/wp-json\/wp\/v2\/posts\/10035","targetHints":{"allow":["GET"]}}],"collection":[{"href":"https:\/\/www.medicina.ufmg.br\/saudecomciencia\/wp-json\/wp\/v2\/posts"}],"about":[{"href":"https:\/\/www.medicina.ufmg.br\/saudecomciencia\/wp-json\/wp\/v2\/types\/post"}],"author":[{"embeddable":true,"href":"https:\/\/www.medicina.ufmg.br\/saudecomciencia\/wp-json\/wp\/v2\/users\/112"}],"replies":[{"embeddable":true,"href":"https:\/\/www.medicina.ufmg.br\/saudecomciencia\/wp-json\/wp\/v2\/comments?post=10035"}],"version-history":[{"count":2,"href":"https:\/\/www.medicina.ufmg.br\/saudecomciencia\/wp-json\/wp\/v2\/posts\/10035\/revisions"}],"predecessor-version":[{"id":10043,"href":"https:\/\/www.medicina.ufmg.br\/saudecomciencia\/wp-json\/wp\/v2\/posts\/10035\/revisions\/10043"}],"wp:featuredmedia":[{"embeddable":true,"href":"https:\/\/www.medicina.ufmg.br\/saudecomciencia\/wp-json\/wp\/v2\/media\/10042"}],"wp:attachment":[{"href":"https:\/\/www.medicina.ufmg.br\/saudecomciencia\/wp-json\/wp\/v2\/media?parent=10035"}],"wp:term":[{"taxonomy":"category","embeddable":true,"href":"https:\/\/www.medicina.ufmg.br\/saudecomciencia\/wp-json\/wp\/v2\/categories?post=10035"},{"taxonomy":"post_tag","embeddable":true,"href":"https:\/\/www.medicina.ufmg.br\/saudecomciencia\/wp-json\/wp\/v2\/tags?post=10035"}],"curies":[{"name":"wp","href":"https:\/\/api.w.org\/{rel}","templated":true}]}}