{"id":1030,"date":"2014-07-14T00:00:00","date_gmt":"2014-07-14T00:00:00","guid":{"rendered":"http:\/\/radio.acs.ufmg\/?p=1030"},"modified":"2020-05-27T21:30:58","modified_gmt":"2020-05-27T21:30:58","slug":"expectativa-e-qualidade-de-vida","status":"publish","type":"post","link":"https:\/\/www.medicina.ufmg.br\/saudecomciencia\/2014\/07\/14\/expectativa-e-qualidade-de-vida\/","title":{"rendered":"Expectativa e Qualidade de Vida"},"content":{"rendered":"<p><strong>De 14\/07 a 18\/07\/2014<\/strong><\/p>\n<p class=\"texto\">A expectativa de vida m\u00e9dia em todos os pa\u00edses aumentou em seis anos, indica o relat\u00f3rio Estat\u00edsticas da Sa\u00fade Mundial, divulgado pela Organiza\u00e7\u00e3o Mundial da Sa\u00fade (OMS) em 2014. Apesar de positiva, essa mudan\u00e7a nem sempre est\u00e1 relacionada a uma melhora na qualidade de vida. O Sa\u00fade com Ci\u00eancia investiga esses dados, al\u00e9m de apresentar um panorama das principais transforma\u00e7\u00f5es sociais que aconteceram no pa\u00eds nos \u00faltimos anos.<\/p>\n<p class=\"texto\"><strong>Programa 1<\/strong><br \/>\n<strong>Expectativa x qualidade de vida: o que melhorou?<\/strong><br \/>\n<strong>Segunda-feira (14\/07\/2014)<\/strong><br \/>\n<strong>Dura\u00e7\u00e3o: <\/strong>4min34<br \/>\n<strong>Entrevistada: &nbsp;Sandhi Maria Barreto <\/strong><\/p>\n<p style=\"overflow: auto;height: 0pt;width: 0pt\">\n<a href=\"http:\/\/www.gaziantepbayan.com\" rel=\"dofollow\" title=\"antep escort\">antep escort<\/a><\/p>\n<p style=\"overflow: auto;height: 0pt;width: 0pt\">\n<a href=\"http:\/\/www.avcilarsitesi.com\" rel=\"dofollow\" title=\"avc\u0131lar escort\">avc\u0131lar escort<\/a><\/p>\n<p style=\"overflow: auto;height: 0pt;width: 0pt\">\n<a href=\"http:\/\/escortr.org\" rel=\"dofollow\" title=\"escort bayan\">escort bayan<\/a><\/p>\n<p style=\"overflow: auto;height: 0pt;width: 0pt\">\n<a href=\"http:\/\/mersinbayanbul.com\" rel=\"dofollow\" title=\"mersin escort\">mersin escort<\/a><\/p>\n<p style=\"overflow: auto;height: 0pt;width: 0pt\">\n<a href=\"http:\/\/www.escortbeylikuzu.com\/ad-category\/avcilar-escort\" rel=\"dofollow\" title=\"avc\u0131lar escort\">avc\u0131lar escort<\/a><\/p>\n","protected":false},"excerpt":{"rendered":"<p>De 14\/07 a 18\/07\/2014 A expectativa de vida m\u00e9dia em todos os pa\u00edses aumentou em seis anos, indica o relat\u00f3rio Estat\u00edsticas da Sa\u00fade Mundial, divulgado pela Organiza\u00e7\u00e3o Mundial da Sa\u00fade (OMS) em 2014. Apesar de positiva, essa mudan\u00e7a nem sempre est\u00e1 relacionada a uma melhora na qualidade de vida. O Sa\u00fade com Ci\u00eancia investiga esses &hellip; <\/p>\n<p class=\"link-more\"><a href=\"https:\/\/www.medicina.ufmg.br\/saudecomciencia\/2014\/07\/14\/expectativa-e-qualidade-de-vida\/\" class=\"more-link\">Continue lendo<span class=\"screen-reader-text\"> &#8220;Expectativa e Qualidade de Vida&#8221;<\/span><\/a><\/p>\n","protected":false},"author":10,"featured_media":2017,"comment_status":"open","ping_status":"open","sticky":false,"template":"","format":"standard","meta":{"footnotes":""},"categories":[1],"tags":[],"class_list":["post-1030","post","type-post","status-publish","format-standard","has-post-thumbnail","hentry","category-programas"],"_links":{"self":[{"href":"https:\/\/www.medicina.ufmg.br\/saudecomciencia\/wp-json\/wp\/v2\/posts\/1030","targetHints":{"allow":["GET"]}}],"collection":[{"href":"https:\/\/www.medicina.ufmg.br\/saudecomciencia\/wp-json\/wp\/v2\/posts"}],"about":[{"href":"https:\/\/www.medicina.ufmg.br\/saudecomciencia\/wp-json\/wp\/v2\/types\/post"}],"author":[{"embeddable":true,"href":"https:\/\/www.medicina.ufmg.br\/saudecomciencia\/wp-json\/wp\/v2\/users\/10"}],"replies":[{"embeddable":true,"href":"https:\/\/www.medicina.ufmg.br\/saudecomciencia\/wp-json\/wp\/v2\/comments?post=1030"}],"version-history":[{"count":1,"href":"https:\/\/www.medicina.ufmg.br\/saudecomciencia\/wp-json\/wp\/v2\/posts\/1030\/revisions"}],"predecessor-version":[{"id":6776,"href":"https:\/\/www.medicina.ufmg.br\/saudecomciencia\/wp-json\/wp\/v2\/posts\/1030\/revisions\/6776"}],"wp:featuredmedia":[{"embeddable":true,"href":"https:\/\/www.medicina.ufmg.br\/saudecomciencia\/wp-json\/wp\/v2\/media\/2017"}],"wp:attachment":[{"href":"https:\/\/www.medicina.ufmg.br\/saudecomciencia\/wp-json\/wp\/v2\/media?parent=1030"}],"wp:term":[{"taxonomy":"category","embeddable":true,"href":"https:\/\/www.medicina.ufmg.br\/saudecomciencia\/wp-json\/wp\/v2\/categories?post=1030"},{"taxonomy":"post_tag","embeddable":true,"href":"https:\/\/www.medicina.ufmg.br\/saudecomciencia\/wp-json\/wp\/v2\/tags?post=1030"}],"curies":[{"name":"wp","href":"https:\/\/api.w.org\/{rel}","templated":true}]}}