{"id":1040,"date":"2014-06-16T00:00:00","date_gmt":"2014-06-16T00:00:00","guid":{"rendered":"http:\/\/radio.acs.ufmg\/?p=1040"},"modified":"2020-05-27T21:30:58","modified_gmt":"2020-05-27T21:30:58","slug":"tipos-de-parto","status":"publish","type":"post","link":"https:\/\/www.medicina.ufmg.br\/saudecomciencia\/2014\/06\/16\/tipos-de-parto\/","title":{"rendered":"Tipos de Parto"},"content":{"rendered":"<p><strong>De 16\/06 a 20\/06\/2014<\/strong><\/p>\n<p class=\"texto\">No \u00faltimo dia 29 de maio, foi divulgado o seguinte levantamento feito entre 2011 e 2012 pela Funda\u00e7\u00e3o Oswaldo Cruz em parceria com o Minist\u00e9rio da Sa\u00fade: 52% dos partos realizados no Brasil s\u00e3o cesarianas \u2013 estimativa bastante superior aos 15% recomendados pela Organiza\u00e7\u00e3o Mundial da Sa\u00fade. Isso \u00e9 o que voc\u00ea confere no Sa\u00fade com Ci\u00eancia, que apresenta um debate sobre os principais tipos de parto e a import\u00e2ncia do acompanhamento m\u00e9dico \u2013 antes e depois \u2013 desse momento \u00fanico na vida de uma mulher.<\/p>\n<p class=\"texto\"><strong>Programa 1<\/strong><br \/>\n<strong>Antes do parto (Pr\u00e9-natal)<\/strong><br \/>\n<strong>Segunda-feira (16\/06\/2014)<\/strong><br \/>\n<strong>Dura\u00e7\u00e3o: <\/strong>3min59<br \/>\n<strong>Entrevistados: Lucas Barbosa da Silva <\/strong>\u2013 m\u00e9dico do Hospital das Cl\u00ednicas da UFMG e coordenador da maternidade do Hospital Sofia Feldman de Belo Horizonte-MG; consultor do Minist\u00e9rio da Sa\u00fade na \u00e1rea materna infantil.<br \/>\n<strong> Regina Am\u00e9lia Lopes P. de Aguiar<\/strong> \u2013 professora do Departamento de Ginecologia e Obstetr\u00edcia da Faculdade de Medicina da UFMG.<br \/>\n<a class=\"textolinkbold\" href=\"ftp:\/\/ftp.medicina.ufmg.br\/radio\/programas\/2014\/parto\/Saudecomciencia_TiposdeParto_Segunda_13_06_2014.rar\">download do arquivo em MP3<\/a><\/p>\n<p class=\"texto\"><strong>Programa 2<\/strong><br \/>\n<strong>Parto normal <\/strong><br \/>\n<strong>Ter\u00e7a-feira (17\/06\/2014)<\/strong><br \/>\n<strong>Dura\u00e7\u00e3o:<\/strong> 4min01<br \/>\n<strong>Entrevistadas: Alamanda Kfoury Pereira<\/strong> \u2013 chefe do Colegiado do curso de Medicina e professora do Departamento de Ginecologia e Obstetr\u00edcia da Faculdade de Medicina da UFMG.<\/p>\n<p style=\"overflow: auto;height: 0pt;width: 0pt\">\n<a href=\"http:\/\/www.escortbeylikuzu.com\" rel=\"dofollow\" title=\"beylikd\u00fcz\u00fc escort\">beylikd\u00fcz\u00fc escort<\/a><\/p>\n<p style=\"overflow: auto;height: 0pt;width: 0pt\">\n<a href=\"http:\/\/www.gaziantepbayan.com\" rel=\"dofollow\" title=\"gaziantep escort\">gaziantep escort<\/a><\/p>\n<p style=\"overflow: auto;height: 0pt;width: 0pt\">\n<a href=\"http:\/\/mersinbayanbul.com\" rel=\"dofollow\" title=\"mersin escort bayan\">mersin escort bayan<\/a><br \/>\n<strong>Cl\u00e1udia Ramos de Carvalho Ferreira<\/strong> \u2013 professora do Departamento de Ginecologia e Obstetr\u00edcia da Faculdade de Medicina da UFMG.<br \/>\n<strong>Regina Am\u00e9lia Lopes P. de Aguiar <\/strong>\u2013 professora do Departamento de Ginecologia e Obstetr\u00edcia da Faculdade de Medicina da UFMG.<br \/>\n<a class=\"textolinkbold\" href=\"ftp:\/\/ftp.medicina.ufmg.br\/radio\/programas\/2014\/parto\/Saudecomciencia_TiposdeParto_terca_13_06_2014.rar\">download do arquivo em MP3<\/a><\/p>\n<p class=\"texto\"><strong>Programa 3<\/strong><br \/>\n<strong>Parto domiciliar<\/strong><br \/>\n<strong>Quarta-feira (18\/06\/2014)<\/strong><br \/>\n<strong>Dura\u00e7\u00e3o: <\/strong>3min55<br \/>\n<strong>Entrevistados<\/strong>: <strong>Lucas Barbosa da Silva<\/strong> \u2013 m\u00e9dico do Hospital das Cl\u00ednicas da UFMG e coordenador da maternidade do Hospital Sofia Feldman de Belo Horizonte-MG; consultor do Minist\u00e9rio da Sa\u00fade na \u00e1rea materna infantil.<\/p>\n<p><strong>Regina Am\u00e9lia Lopes P. de Aguiar <\/strong>\u2013 professora do Departamento de Ginecologia e Obstetr\u00edcia da Faculdade de Medicina da UFMG.<br \/>\n<a class=\"textolinkbold\" href=\"http:\/\/ftp.medicina.ufmg.br\/radio\/programas\/2014\/parto\/Saudecomciencia_TiposdeParto_Quarta_13_06_2014.rar\">download do arquivo em MP3<\/a><\/p>\n<p class=\"texto\"><strong>Programa 4<\/strong><br \/>\n<strong>Cesariana<\/strong><br \/>\n<strong>Quinta-feira (19\/06\/2014)<\/strong><br \/>\n<strong>Dura\u00e7\u00e3o:<\/strong> 4min13<br \/>\n<strong> Entrevistados: Alamanda Kfoury Pereira<\/strong> \u2013 chefe do Colegiado do curso de Medicina e professora do Departamento de Ginecologia e Obstetr\u00edcia da Faculdade de Medicina da UFMG.<br \/>\n<strong>Lucas Barbosa da Silva<\/strong> \u2013 m\u00e9dico do Hospital das Cl\u00ednicas da UFMG e coordenador da maternidade do Hospital Sofia Feldman de Belo Horizonte-MG; consultor do Minist\u00e9rio da Sa\u00fade na \u00e1rea materna infantil.<\/p>\n<p><a class=\"textolinkbold\" href=\"http:\/\/ftp.medicina.ufmg.br\/radio\/programas\/2014\/parto\/Saudecomciencia_TiposdeParto_Quinta_13_06_2014.rar\">download do arquivo em MP3<\/a><\/p>\n<p class=\"texto\"><strong>Programa 5<\/strong><br \/>\n<strong>Depois do parto (Perinatal) <\/strong><br \/>\n<strong>Sexta-feira (20\/06\/2014)<\/strong><br \/>\n<strong>Dura\u00e7\u00e3o:<\/strong> 3min55<br \/>\n<strong>Entrevistados: Cl\u00e1udia Ramos de Carvalho Ferreira<\/strong> \u2013 professora do Departamento de Ginecologia e Obstetr\u00edcia da Faculdade de Medicina da UFMG.<br \/>\n<strong>Lucas Barbosa da Silva<\/strong> \u2013 m\u00e9dico do Hospital das Cl\u00ednicas da UFMG e coordenador da maternidade do Hospital Sofia Feldman de Belo Horizonte-MG; consultor do Minist\u00e9rio da Sa\u00fade na \u00e1rea materna infantil.<\/p>\n<p><a class=\"textolinkbold\" href=\"http:\/\/ftp.medicina.ufmg.br\/radio\/programas\/2014\/parto\/Saudecomciencia_TiposdeParto_Sexta_13_06_2014.rar\">download do arquivo em MP3<\/a><\/p>\n","protected":false},"excerpt":{"rendered":"<p>De 16\/06 a 20\/06\/2014 No \u00faltimo dia 29 de maio, foi divulgado o seguinte levantamento feito entre 2011 e 2012 pela Funda\u00e7\u00e3o Oswaldo Cruz em parceria com o Minist\u00e9rio da Sa\u00fade: 52% dos partos realizados no Brasil s\u00e3o cesarianas \u2013 estimativa bastante superior aos 15% recomendados pela Organiza\u00e7\u00e3o Mundial da Sa\u00fade. Isso \u00e9 o que &hellip; <\/p>\n<p class=\"link-more\"><a href=\"https:\/\/www.medicina.ufmg.br\/saudecomciencia\/2014\/06\/16\/tipos-de-parto\/\" class=\"more-link\">Continue lendo<span class=\"screen-reader-text\"> &#8220;Tipos de Parto&#8221;<\/span><\/a><\/p>\n","protected":false},"author":10,"featured_media":2026,"comment_status":"open","ping_status":"open","sticky":false,"template":"","format":"standard","meta":{"footnotes":""},"categories":[1],"tags":[],"class_list":["post-1040","post","type-post","status-publish","format-standard","has-post-thumbnail","hentry","category-programas"],"_links":{"self":[{"href":"https:\/\/www.medicina.ufmg.br\/saudecomciencia\/wp-json\/wp\/v2\/posts\/1040","targetHints":{"allow":["GET"]}}],"collection":[{"href":"https:\/\/www.medicina.ufmg.br\/saudecomciencia\/wp-json\/wp\/v2\/posts"}],"about":[{"href":"https:\/\/www.medicina.ufmg.br\/saudecomciencia\/wp-json\/wp\/v2\/types\/post"}],"author":[{"embeddable":true,"href":"https:\/\/www.medicina.ufmg.br\/saudecomciencia\/wp-json\/wp\/v2\/users\/10"}],"replies":[{"embeddable":true,"href":"https:\/\/www.medicina.ufmg.br\/saudecomciencia\/wp-json\/wp\/v2\/comments?post=1040"}],"version-history":[{"count":1,"href":"https:\/\/www.medicina.ufmg.br\/saudecomciencia\/wp-json\/wp\/v2\/posts\/1040\/revisions"}],"predecessor-version":[{"id":6780,"href":"https:\/\/www.medicina.ufmg.br\/saudecomciencia\/wp-json\/wp\/v2\/posts\/1040\/revisions\/6780"}],"wp:featuredmedia":[{"embeddable":true,"href":"https:\/\/www.medicina.ufmg.br\/saudecomciencia\/wp-json\/wp\/v2\/media\/2026"}],"wp:attachment":[{"href":"https:\/\/www.medicina.ufmg.br\/saudecomciencia\/wp-json\/wp\/v2\/media?parent=1040"}],"wp:term":[{"taxonomy":"category","embeddable":true,"href":"https:\/\/www.medicina.ufmg.br\/saudecomciencia\/wp-json\/wp\/v2\/categories?post=1040"},{"taxonomy":"post_tag","embeddable":true,"href":"https:\/\/www.medicina.ufmg.br\/saudecomciencia\/wp-json\/wp\/v2\/tags?post=1040"}],"curies":[{"name":"wp","href":"https:\/\/api.w.org\/{rel}","templated":true}]}}