{"id":10505,"date":"2025-09-05T13:45:25","date_gmt":"2025-09-05T13:45:25","guid":{"rendered":"https:\/\/www.medicina.ufmg.br\/saudecomciencia\/?p=10505"},"modified":"2025-09-05T13:45:26","modified_gmt":"2025-09-05T13:45:26","slug":"ozempic-e-semaglutida","status":"publish","type":"post","link":"https:\/\/www.medicina.ufmg.br\/saudecomciencia\/2025\/09\/05\/ozempic-e-semaglutida\/","title":{"rendered":"Ozempic e semaglutida"},"content":{"rendered":"\n<p><strong>08\/09 a 11\/09<\/strong><\/p>\n\n\n\n<p>O Ozempic&nbsp;\u00e9 um medicamento injet\u00e1vel que cont\u00e9m semaglutida, que auxilia no controle da glicose e pode levar \u00e0 perda de peso ao regular o apetite e retardar o esvaziamento g\u00e1strico.<\/p>\n\n\n\n<p>No Sa\u00fade com Ci\u00eancia desta semana, falaremos sobre como funciona o medicamento e quando ele \u00e9 indicado. Al\u00e9m disso, traremos tamb\u00e9m um pouco sobre os efeitos e resultados do Ozempic e qual \u00e9 o cen\u00e1rio atual no pais.<\/p>\n\n\n\n<p><strong>Convidado:<\/strong><\/p>\n\n\n\n<p><strong>Gustavo Penna \u2013\u00a0<\/strong>professor do Departamento de Cl\u00ednica M\u00e9dica da Faculdade de Medicina da UFMG<\/p>\n\n\n<!--[if lt IE 9]><script>document.createElement('audio');<\/script><![endif]-->\n\t<div class=\"wp-playlist wp-audio-playlist wp-playlist-light\">\n\t\t\t<div class=\"wp-playlist-current-item\"><\/div>\n\t\t<audio controls=\"controls\" preload=\"none\" width=\"503\"\n\t\t\t><\/audio>\n\t<div class=\"wp-playlist-next\"><\/div>\n\t<div class=\"wp-playlist-prev\"><\/div>\n\t<noscript>\n\t<ol>\n\t\t<li><a href='https:\/\/www.medicina.ufmg.br\/saudecomciencia\/wp-content\/uploads\/sites\/88\/2025\/09\/segunda.mp3'>Segunda-feira: Como funciona a Ozempic?<\/a><\/li><li><a href='https:\/\/www.medicina.ufmg.br\/saudecomciencia\/wp-content\/uploads\/sites\/88\/2025\/09\/terca.mp3'>Ter\u00e7a-feira: Quando \u00e9 indicada?<\/a><\/li><li><a href='https:\/\/www.medicina.ufmg.br\/saudecomciencia\/wp-content\/uploads\/sites\/88\/2025\/09\/quarta.mp3'>Quarta-feira: Efeitos e resultados<\/a><\/li><li><a href='https:\/\/www.medicina.ufmg.br\/saudecomciencia\/wp-content\/uploads\/sites\/88\/2025\/09\/quinta.mp3'>Quinta-feira: Realidade no Brasil<\/a><\/li>\t<\/ol>\n\t<\/noscript>\n\t<script type=\"application\/json\" class=\"wp-playlist-script\">{\"type\":\"audio\",\"tracklist\":true,\"tracknumbers\":true,\"images\":true,\"artists\":true,\"tracks\":[{\"src\":\"https:\\\/\\\/www.medicina.ufmg.br\\\/saudecomciencia\\\/wp-content\\\/uploads\\\/sites\\\/88\\\/2025\\\/09\\\/segunda.mp3\",\"type\":\"audio\\\/mpeg\",\"title\":\"Segunda-feira: Como funciona a Ozempic?\",\"caption\":\"\",\"description\":\"\\\"Segunda-feira\\\" de Ozempic e semaglutida por Sa\\u00fade com Ci\\u00eancia.\",\"meta\":{\"artist\":\"Sa\\u00fade com Ci\\u00eancia\",\"album\":\"Ozempic e semaglutida\",\"length_formatted\":\"5:59\"},\"image\":{\"src\":\"https:\\\/\\\/www.medicina.ufmg.br\\\/saudecomciencia\\\/wp-includes\\\/images\\\/media\\\/audio.svg\",\"width\":48,\"height\":64},\"thumb\":{\"src\":\"https:\\\/\\\/www.medicina.ufmg.br\\\/saudecomciencia\\\/wp-includes\\\/images\\\/media\\\/audio.svg\",\"width\":48,\"height\":64}},{\"src\":\"https:\\\/\\\/www.medicina.ufmg.br\\\/saudecomciencia\\\/wp-content\\\/uploads\\\/sites\\\/88\\\/2025\\\/09\\\/terca.mp3\",\"type\":\"audio\\\/mpeg\",\"title\":\"Ter\\u00e7a-feira: Quando \\u00e9 indicada?\",\"caption\":\"\",\"description\":\"\\\"Ter\\u00e7a-feira\\\" de Ozempic e semaglutida por Sa\\u00fade com Ci\\u00eancia.\",\"meta\":{\"artist\":\"Sa\\u00fade com Ci\\u00eancia\",\"album\":\"Ozempic e semaglutida\",\"length_formatted\":\"6:05\"},\"image\":{\"src\":\"https:\\\/\\\/www.medicina.ufmg.br\\\/saudecomciencia\\\/wp-includes\\\/images\\\/media\\\/audio.svg\",\"width\":48,\"height\":64},\"thumb\":{\"src\":\"https:\\\/\\\/www.medicina.ufmg.br\\\/saudecomciencia\\\/wp-includes\\\/images\\\/media\\\/audio.svg\",\"width\":48,\"height\":64}},{\"src\":\"https:\\\/\\\/www.medicina.ufmg.br\\\/saudecomciencia\\\/wp-content\\\/uploads\\\/sites\\\/88\\\/2025\\\/09\\\/quarta.mp3\",\"type\":\"audio\\\/mpeg\",\"title\":\"Quarta-feira: Efeitos e resultados\",\"caption\":\"\",\"description\":\"\\\"Quarta-feira\\\" de Ozempic e semaglutida por Sa\\u00fade com Ci\\u00eancia.\",\"meta\":{\"artist\":\"Sa\\u00fade com Ci\\u00eancia\",\"album\":\"Ozempic e semaglutida\",\"length_formatted\":\"5:26\"},\"image\":{\"src\":\"https:\\\/\\\/www.medicina.ufmg.br\\\/saudecomciencia\\\/wp-includes\\\/images\\\/media\\\/audio.svg\",\"width\":48,\"height\":64},\"thumb\":{\"src\":\"https:\\\/\\\/www.medicina.ufmg.br\\\/saudecomciencia\\\/wp-includes\\\/images\\\/media\\\/audio.svg\",\"width\":48,\"height\":64}},{\"src\":\"https:\\\/\\\/www.medicina.ufmg.br\\\/saudecomciencia\\\/wp-content\\\/uploads\\\/sites\\\/88\\\/2025\\\/09\\\/quinta.mp3\",\"type\":\"audio\\\/mpeg\",\"title\":\"Quinta-feira: Realidade no Brasil\",\"caption\":\"\",\"description\":\"\\\"Quinta-feira\\\" de Ozempic e semaglutida por Sa\\u00fade com Ci\\u00eancia.\",\"meta\":{\"artist\":\"Sa\\u00fade com Ci\\u00eancia\",\"album\":\"Ozempic e semaglutida\",\"length_formatted\":\"5:28\"},\"image\":{\"src\":\"https:\\\/\\\/www.medicina.ufmg.br\\\/saudecomciencia\\\/wp-includes\\\/images\\\/media\\\/audio.svg\",\"width\":48,\"height\":64},\"thumb\":{\"src\":\"https:\\\/\\\/www.medicina.ufmg.br\\\/saudecomciencia\\\/wp-includes\\\/images\\\/media\\\/audio.svg\",\"width\":48,\"height\":64}}]}<\/script>\n<\/div>\n\t\n\n\n<p><\/p>\n","protected":false},"excerpt":{"rendered":"<p>08\/09 a 11\/09 O Ozempic&nbsp;\u00e9 um medicamento injet\u00e1vel que cont\u00e9m semaglutida, que auxilia no controle da glicose e pode levar \u00e0 perda de peso ao regular o apetite e retardar o esvaziamento g\u00e1strico. No Sa\u00fade com Ci\u00eancia desta semana, falaremos sobre como funciona o medicamento e quando ele \u00e9 indicado. Al\u00e9m disso, traremos tamb\u00e9m um &hellip; <\/p>\n<p class=\"link-more\"><a href=\"https:\/\/www.medicina.ufmg.br\/saudecomciencia\/2025\/09\/05\/ozempic-e-semaglutida\/\" class=\"more-link\">Continue lendo<span class=\"screen-reader-text\"> &#8220;Ozempic e semaglutida&#8221;<\/span><\/a><\/p>\n","protected":false},"author":103,"featured_media":10511,"comment_status":"closed","ping_status":"closed","sticky":false,"template":"","format":"standard","meta":{"footnotes":""},"categories":[1],"tags":[],"class_list":["post-10505","post","type-post","status-publish","format-standard","has-post-thumbnail","hentry","category-programas"],"_links":{"self":[{"href":"https:\/\/www.medicina.ufmg.br\/saudecomciencia\/wp-json\/wp\/v2\/posts\/10505","targetHints":{"allow":["GET"]}}],"collection":[{"href":"https:\/\/www.medicina.ufmg.br\/saudecomciencia\/wp-json\/wp\/v2\/posts"}],"about":[{"href":"https:\/\/www.medicina.ufmg.br\/saudecomciencia\/wp-json\/wp\/v2\/types\/post"}],"author":[{"embeddable":true,"href":"https:\/\/www.medicina.ufmg.br\/saudecomciencia\/wp-json\/wp\/v2\/users\/103"}],"replies":[{"embeddable":true,"href":"https:\/\/www.medicina.ufmg.br\/saudecomciencia\/wp-json\/wp\/v2\/comments?post=10505"}],"version-history":[{"count":3,"href":"https:\/\/www.medicina.ufmg.br\/saudecomciencia\/wp-json\/wp\/v2\/posts\/10505\/revisions"}],"predecessor-version":[{"id":10513,"href":"https:\/\/www.medicina.ufmg.br\/saudecomciencia\/wp-json\/wp\/v2\/posts\/10505\/revisions\/10513"}],"wp:featuredmedia":[{"embeddable":true,"href":"https:\/\/www.medicina.ufmg.br\/saudecomciencia\/wp-json\/wp\/v2\/media\/10511"}],"wp:attachment":[{"href":"https:\/\/www.medicina.ufmg.br\/saudecomciencia\/wp-json\/wp\/v2\/media?parent=10505"}],"wp:term":[{"taxonomy":"category","embeddable":true,"href":"https:\/\/www.medicina.ufmg.br\/saudecomciencia\/wp-json\/wp\/v2\/categories?post=10505"},{"taxonomy":"post_tag","embeddable":true,"href":"https:\/\/www.medicina.ufmg.br\/saudecomciencia\/wp-json\/wp\/v2\/tags?post=10505"}],"curies":[{"name":"wp","href":"https:\/\/api.w.org\/{rel}","templated":true}]}}