{"id":1060,"date":"2014-04-21T00:00:00","date_gmt":"2014-04-21T00:00:00","guid":{"rendered":"http:\/\/radio.acs.ufmg\/?p=1060"},"modified":"2020-05-27T21:31:25","modified_gmt":"2020-05-27T21:31:25","slug":"poluicao-do-ar-e-suas-consequencias","status":"publish","type":"post","link":"https:\/\/www.medicina.ufmg.br\/saudecomciencia\/2014\/04\/21\/poluicao-do-ar-e-suas-consequencias\/","title":{"rendered":"Polui\u00e7\u00e3o do ar e suas consequ\u00eancias"},"content":{"rendered":"<p><strong>De 21\/04 a 25\/04\/2014<\/strong><\/p>\n<p class=\"texto\">Respirar pode ser perigoso. A afirmativa, apesar de parecer surreal, ilustra o aumento da frota de ve\u00edculos e a crescente expans\u00e3o das ind\u00fastrias, entre outros fatores. E resume um relat\u00f3rio divulgado no \u00faltimo m\u00eas de mar\u00e7o pela Organiza\u00e7\u00e3o Mundial da Sa\u00fade (OMS), que revela que sete milh\u00f5es de \u00f3bitos foram causados por doen\u00e7as ligadas \u00e0 polui\u00e7\u00e3o atmosf\u00e9rica somente em 2012. Por isso, o <em>Sa\u00fade com Ci\u00eancia<\/em> apresenta as principais consequ\u00eancias dessa polui\u00e7\u00e3o e como ela pode afetar nosso bem-estar, seja nas grandes metr\u00f3poles ou em cidades do interior.<\/p>\n<p class=\"texto\"><strong>Programa 1<\/strong><br \/>\n<strong>Rela\u00e7\u00e3o polui\u00e7\u00e3o x doen\u00e7as cardiovasculares<\/strong><br \/>\n<strong>Segunda-feira (21\/04\/2014)<\/strong><br \/>\n<strong>Dura\u00e7\u00e3o: <\/strong>4min22<br \/>\n<strong>Entrevistada: <\/strong><strong>Rose Mary Lisboa Ferreira da Silva<\/strong> \u2013 cardiologista e professora associada do Departamento de Cl\u00ednica M\u00e9dica da Faculdade de Medicina da UFMG.<br \/>\n<a class=\"textolinkbold\" href=\"http:\/\/ftp.medicina.ufmg.br\/radio\/programas\/2014\/poluicao\/saudecomcienciapoluicaodoars_segunda.rar\">download do arquivo em MP3<\/a><\/p>\n<p class=\"texto\"><strong>Programa 2<\/strong><br \/>\n<strong>Doen\u00e7as respirat\u00f3rias<\/strong><br \/>\n<strong>Ter\u00e7a-feira (22\/04\/2014)<\/strong><br \/>\n<strong>Dura\u00e7\u00e3o:<\/strong> 4min17<br \/>\n<strong>Entrevistada: <\/strong><strong>Val\u00e9ria Maria Augusto<\/strong> \u2013 pneumologista e professora adjunta do Departamento de Cl\u00ednica M\u00e9dica da Faculdade de Medicina da UFMG.<br \/>\n<a class=\"textolinkbold\" href=\"http:\/\/ftp.medicina.ufmg.br\/radio\/programas\/2014\/poluicao\/saudecomcienciapoluicaodoars_terca.rar\">download do arquivo em MP3<\/a><\/p>\n<p class=\"texto\"><strong>Programa 3<\/strong><br \/>\n<strong>Polui\u00e7\u00e3o e c\u00e2ncer de pulm\u00e3o<\/strong><br \/>\n<strong>Quarta-feira (23\/04\/2014)<\/strong><br \/>\n<strong>Dura\u00e7\u00e3o: <\/strong>4min13<br \/>\n<strong>Entrevistado: <\/strong> <strong>Andr\u00e9 M\u00e1rcio Murad <\/strong> \u2013oncologista e professor adjunto do Departamento de Cl\u00ednica M\u00e9dica da Faculdade de Medicina da UFMG.<br \/>\n<a class=\"textolinkbold\" href=\"http:\/\/ftp.medicina.ufmg.br\/radio\/programas\/2014\/poluicao\/saudecomcienciapoluicaodoars_quarta.rar\">download do arquivo em MP3<\/a><\/p>\n<p class=\"texto\"><strong>Programa 4<\/strong><br \/>\n<strong>Situa\u00e7\u00e3o na capital<\/strong><br \/>\n<strong>Quinta-feira (24\/04\/2014)<\/strong><br \/>\n<strong>Dura\u00e7\u00e3o:<\/strong> 4min12<br \/>\n<strong>Entrevistado: Ant\u00f4nio Leite Alves Radicchi <\/strong> \u2013 professor do Departamento de Medicina Preventiva e Social da Faculdade de Medicina da UFMG.<br \/>\n<a class=\"textolinkbold\" href=\"http:\/\/ftp.medicina.ufmg.br\/radio\/programas\/2014\/poluicao\/saudecomcienciapoluicaodoars_quinta.rar\">download do arquivo em MP3<\/a><\/p>\n<p class=\"texto\"><strong>Programa 5<\/strong><br \/>\n<strong>Situa\u00e7\u00e3o no interior<\/strong><br \/>\n<strong>Sexta-feira (25\/04\/2014)<\/strong><br \/>\n<strong>Dura\u00e7\u00e3o:<\/strong> 4min17<br \/>\n<strong>Entrevistados: <\/strong><strong>Val\u00e9ria Maria Augusto <\/strong>\u2013 pneumologista e professora adjunta do Departamento de Cl\u00ednica M\u00e9dica da Faculdade de Medicina da UFMG.<br \/>\n<strong>Marcos Ant\u00f4nio de Souza Barrozo <\/strong> \u2013 professor da Faculdade de Engenharia Qu\u00edmica da Universidade Federal de Uberl\u00e2ndia-MG.<br \/>\n<a class=\"textolinkbold\" href=\"http:\/\/ftp.medicina.ufmg.br\/radio\/programas\/2014\/poluicao\/saudecomcienciapoluicaodoars_sexta.rar\">download do arquivo em MP3<\/a><\/p>\n","protected":false},"excerpt":{"rendered":"<p>De 21\/04 a 25\/04\/2014 Respirar pode ser perigoso. A afirmativa, apesar de parecer surreal, ilustra o aumento da frota de ve\u00edculos e a crescente expans\u00e3o das ind\u00fastrias, entre outros fatores. E resume um relat\u00f3rio divulgado no \u00faltimo m\u00eas de mar\u00e7o pela Organiza\u00e7\u00e3o Mundial da Sa\u00fade (OMS), que revela que sete milh\u00f5es de \u00f3bitos foram causados &hellip; <\/p>\n<p class=\"link-more\"><a href=\"https:\/\/www.medicina.ufmg.br\/saudecomciencia\/2014\/04\/21\/poluicao-do-ar-e-suas-consequencias\/\" class=\"more-link\">Continue lendo<span class=\"screen-reader-text\"> &#8220;Polui\u00e7\u00e3o do ar e suas consequ\u00eancias&#8221;<\/span><\/a><\/p>\n","protected":false},"author":10,"featured_media":2042,"comment_status":"open","ping_status":"open","sticky":false,"template":"","format":"standard","meta":{"footnotes":""},"categories":[1],"tags":[],"class_list":["post-1060","post","type-post","status-publish","format-standard","has-post-thumbnail","hentry","category-programas"],"_links":{"self":[{"href":"https:\/\/www.medicina.ufmg.br\/saudecomciencia\/wp-json\/wp\/v2\/posts\/1060","targetHints":{"allow":["GET"]}}],"collection":[{"href":"https:\/\/www.medicina.ufmg.br\/saudecomciencia\/wp-json\/wp\/v2\/posts"}],"about":[{"href":"https:\/\/www.medicina.ufmg.br\/saudecomciencia\/wp-json\/wp\/v2\/types\/post"}],"author":[{"embeddable":true,"href":"https:\/\/www.medicina.ufmg.br\/saudecomciencia\/wp-json\/wp\/v2\/users\/10"}],"replies":[{"embeddable":true,"href":"https:\/\/www.medicina.ufmg.br\/saudecomciencia\/wp-json\/wp\/v2\/comments?post=1060"}],"version-history":[{"count":1,"href":"https:\/\/www.medicina.ufmg.br\/saudecomciencia\/wp-json\/wp\/v2\/posts\/1060\/revisions"}],"predecessor-version":[{"id":6788,"href":"https:\/\/www.medicina.ufmg.br\/saudecomciencia\/wp-json\/wp\/v2\/posts\/1060\/revisions\/6788"}],"wp:featuredmedia":[{"embeddable":true,"href":"https:\/\/www.medicina.ufmg.br\/saudecomciencia\/wp-json\/wp\/v2\/media\/2042"}],"wp:attachment":[{"href":"https:\/\/www.medicina.ufmg.br\/saudecomciencia\/wp-json\/wp\/v2\/media?parent=1060"}],"wp:term":[{"taxonomy":"category","embeddable":true,"href":"https:\/\/www.medicina.ufmg.br\/saudecomciencia\/wp-json\/wp\/v2\/categories?post=1060"},{"taxonomy":"post_tag","embeddable":true,"href":"https:\/\/www.medicina.ufmg.br\/saudecomciencia\/wp-json\/wp\/v2\/tags?post=1060"}],"curies":[{"name":"wp","href":"https:\/\/api.w.org\/{rel}","templated":true}]}}