{"id":10676,"date":"2026-01-30T15:30:53","date_gmt":"2026-01-30T15:30:53","guid":{"rendered":"https:\/\/www.medicina.ufmg.br\/saudecomciencia\/?p=10676"},"modified":"2026-01-30T15:56:37","modified_gmt":"2026-01-30T15:56:37","slug":"como-e-feito-um-diagnostico-serio-de-tdah","status":"publish","type":"post","link":"https:\/\/www.medicina.ufmg.br\/saudecomciencia\/2026\/01\/30\/como-e-feito-um-diagnostico-serio-de-tdah\/","title":{"rendered":"Como \u00e9 feito um diagn\u00f3stico s\u00e9rio de TDAH?"},"content":{"rendered":"\n<p><strong>02\/02 a 05\/02<\/strong><\/p>\n\n\n\n<p>Estima-se que entre 3% e 8% da popula\u00e7\u00e3o brasileira possui o transtorno do d\u00e9ficit de aten\u00e7\u00e3o e hiperatividade, ou TDAH. Por\u00e9m, apenas 20% de todos esses casos recebem o tratamento adequado.<\/p>\n\n\n\n<p>No Sa\u00fade com Ci\u00eancia desta semana, vamos explicar o que \u00e9 o TDAH e quais s\u00e3o os principais sintomas do transtorno. Al\u00e9m disso, esclarecemos como s\u00e3o feitos o diagn\u00f3stico adequado e o tratamento da condi\u00e7\u00e3o.<\/p>\n\n\n\n<p><strong>Convidado:<\/strong><\/p>\n\n\n\n<p><strong>Ant\u00f4nio Alvim \u2013<\/strong> professor do Departamento de Psiquiatria da Faculdade de Medicina da UFMG<\/p>\n\n\n<!--[if lt IE 9]><script>document.createElement('audio');<\/script><![endif]-->\n\t<div class=\"wp-playlist wp-audio-playlist wp-playlist-light\">\n\t\t\t<div class=\"wp-playlist-current-item\"><\/div>\n\t\t<audio controls=\"controls\" preload=\"none\" width=\"503\"\n\t\t\t><\/audio>\n\t<div class=\"wp-playlist-next\"><\/div>\n\t<div class=\"wp-playlist-prev\"><\/div>\n\t<noscript>\n\t<ol>\n\t\t<li><a href='https:\/\/www.medicina.ufmg.br\/saudecomciencia\/wp-content\/uploads\/sites\/88\/2026\/01\/2026_02_02-Segunda-feira-Como-definir-o-TDAH.mp3'>Segunda-feira: Como definir o TDAH?<\/a><\/li><li><a href='https:\/\/www.medicina.ufmg.br\/saudecomciencia\/wp-content\/uploads\/sites\/88\/2026\/01\/2026_02_03-Terca-feira-Sintomas.mp3'>Ter\u00e7a-feira: Sintomas<\/a><\/li><li><a href='https:\/\/www.medicina.ufmg.br\/saudecomciencia\/wp-content\/uploads\/sites\/88\/2026\/01\/2026_02_04-Quarta-feira-Diagnostico.mp3'>Quarta-feira: Diagn\u00f3stico<\/a><\/li><li><a href='https:\/\/www.medicina.ufmg.br\/saudecomciencia\/wp-content\/uploads\/sites\/88\/2026\/01\/2026_02_05-Quinta-feira-Tratamento.mp3'>Quinta-feira: Tratamento<\/a><\/li>\t<\/ol>\n\t<\/noscript>\n\t<script type=\"application\/json\" class=\"wp-playlist-script\">{\"type\":\"audio\",\"tracklist\":true,\"tracknumbers\":true,\"images\":true,\"artists\":true,\"tracks\":[{\"src\":\"https:\\\/\\\/www.medicina.ufmg.br\\\/saudecomciencia\\\/wp-content\\\/uploads\\\/sites\\\/88\\\/2026\\\/01\\\/2026_02_02-Segunda-feira-Como-definir-o-TDAH.mp3\",\"type\":\"audio\\\/mpeg\",\"title\":\"Segunda-feira: Como definir o TDAH?\",\"caption\":\"\",\"description\":\"\\\"Segunda-feira\\\" de Como \\u00e9 feito um diagn\\u00f3stico s\\u00e9rio de TDAH? por Sa\\u00fade com Ci\\u00eancia. G\\u00eanero: Blues.\",\"meta\":{\"artist\":\"Sa\\u00fade com Ci\\u00eancia\",\"album\":\"Como \\u00e9 feito um diagn\\u00f3stico s\\u00e9rio de TDAH?\",\"genre\":\"Blues\",\"length_formatted\":\"5:10\"},\"image\":{\"src\":\"https:\\\/\\\/www.medicina.ufmg.br\\\/saudecomciencia\\\/wp-includes\\\/images\\\/media\\\/audio.svg\",\"width\":48,\"height\":64},\"thumb\":{\"src\":\"https:\\\/\\\/www.medicina.ufmg.br\\\/saudecomciencia\\\/wp-includes\\\/images\\\/media\\\/audio.svg\",\"width\":48,\"height\":64}},{\"src\":\"https:\\\/\\\/www.medicina.ufmg.br\\\/saudecomciencia\\\/wp-content\\\/uploads\\\/sites\\\/88\\\/2026\\\/01\\\/2026_02_03-Terca-feira-Sintomas.mp3\",\"type\":\"audio\\\/mpeg\",\"title\":\"Ter\\u00e7a-feira: Sintomas\",\"caption\":\"\",\"description\":\"\\\"Ter\\u00e7a-feira\\\" de Como \\u00e9 feito um diagn\\u00f3stico s\\u00e9rio de TDAH? por Sa\\u00fade com Ci\\u00eancia. G\\u00eanero: Blues.\",\"meta\":{\"artist\":\"Sa\\u00fade com Ci\\u00eancia\",\"album\":\"Como \\u00e9 feito um diagn\\u00f3stico s\\u00e9rio de TDAH?\",\"genre\":\"Blues\",\"length_formatted\":\"5:48\"},\"image\":{\"src\":\"https:\\\/\\\/www.medicina.ufmg.br\\\/saudecomciencia\\\/wp-includes\\\/images\\\/media\\\/audio.svg\",\"width\":48,\"height\":64},\"thumb\":{\"src\":\"https:\\\/\\\/www.medicina.ufmg.br\\\/saudecomciencia\\\/wp-includes\\\/images\\\/media\\\/audio.svg\",\"width\":48,\"height\":64}},{\"src\":\"https:\\\/\\\/www.medicina.ufmg.br\\\/saudecomciencia\\\/wp-content\\\/uploads\\\/sites\\\/88\\\/2026\\\/01\\\/2026_02_04-Quarta-feira-Diagnostico.mp3\",\"type\":\"audio\\\/mpeg\",\"title\":\"Quarta-feira: Diagn\\u00f3stico\",\"caption\":\"\",\"description\":\"\\\"Quarta-feira\\\" de Como \\u00e9 feito um diagn\\u00f3stico s\\u00e9rio de TDAH? por Sa\\u00fade com Ci\\u00eancia. G\\u00eanero: Blues.\",\"meta\":{\"artist\":\"Sa\\u00fade com Ci\\u00eancia\",\"album\":\"Como \\u00e9 feito um diagn\\u00f3stico s\\u00e9rio de TDAH?\",\"genre\":\"Blues\",\"length_formatted\":\"5:29\"},\"image\":{\"src\":\"https:\\\/\\\/www.medicina.ufmg.br\\\/saudecomciencia\\\/wp-includes\\\/images\\\/media\\\/audio.svg\",\"width\":48,\"height\":64},\"thumb\":{\"src\":\"https:\\\/\\\/www.medicina.ufmg.br\\\/saudecomciencia\\\/wp-includes\\\/images\\\/media\\\/audio.svg\",\"width\":48,\"height\":64}},{\"src\":\"https:\\\/\\\/www.medicina.ufmg.br\\\/saudecomciencia\\\/wp-content\\\/uploads\\\/sites\\\/88\\\/2026\\\/01\\\/2026_02_05-Quinta-feira-Tratamento.mp3\",\"type\":\"audio\\\/mpeg\",\"title\":\"Quinta-feira: Tratamento\",\"caption\":\"\",\"description\":\"\\\"Quinta-feira\\\" de Como \\u00e9 feito um diagn\\u00f3stico s\\u00e9rio de TDAH? por Sa\\u00fade com Ci\\u00eancia. G\\u00eanero: Blues.\",\"meta\":{\"artist\":\"Sa\\u00fade com Ci\\u00eancia\",\"album\":\"Como \\u00e9 feito um diagn\\u00f3stico s\\u00e9rio de TDAH?\",\"genre\":\"Blues\",\"length_formatted\":\"6:37\"},\"image\":{\"src\":\"https:\\\/\\\/www.medicina.ufmg.br\\\/saudecomciencia\\\/wp-includes\\\/images\\\/media\\\/audio.svg\",\"width\":48,\"height\":64},\"thumb\":{\"src\":\"https:\\\/\\\/www.medicina.ufmg.br\\\/saudecomciencia\\\/wp-includes\\\/images\\\/media\\\/audio.svg\",\"width\":48,\"height\":64}}]}<\/script>\n<\/div>\n\t","protected":false},"excerpt":{"rendered":"<p>02\/02 a 05\/02 Estima-se que entre 3% e 8% da popula\u00e7\u00e3o brasileira possui o transtorno do d\u00e9ficit de aten\u00e7\u00e3o e hiperatividade, ou TDAH. Por\u00e9m, apenas 20% de todos esses casos recebem o tratamento adequado. No Sa\u00fade com Ci\u00eancia desta semana, vamos explicar o que \u00e9 o TDAH e quais s\u00e3o os principais sintomas do transtorno. &hellip; <\/p>\n<p class=\"link-more\"><a href=\"https:\/\/www.medicina.ufmg.br\/saudecomciencia\/2026\/01\/30\/como-e-feito-um-diagnostico-serio-de-tdah\/\" class=\"more-link\">Continue lendo<span class=\"screen-reader-text\"> &#8220;Como \u00e9 feito um diagn\u00f3stico s\u00e9rio de TDAH?&#8221;<\/span><\/a><\/p>\n","protected":false},"author":112,"featured_media":10681,"comment_status":"closed","ping_status":"closed","sticky":false,"template":"","format":"standard","meta":{"footnotes":""},"categories":[1],"tags":[632,127,248,222],"class_list":["post-10676","post","type-post","status-publish","format-standard","has-post-thumbnail","hentry","category-programas","tag-deficit-de-atencao","tag-hiperatividade","tag-saude-mental","tag-tdah"],"_links":{"self":[{"href":"https:\/\/www.medicina.ufmg.br\/saudecomciencia\/wp-json\/wp\/v2\/posts\/10676","targetHints":{"allow":["GET"]}}],"collection":[{"href":"https:\/\/www.medicina.ufmg.br\/saudecomciencia\/wp-json\/wp\/v2\/posts"}],"about":[{"href":"https:\/\/www.medicina.ufmg.br\/saudecomciencia\/wp-json\/wp\/v2\/types\/post"}],"author":[{"embeddable":true,"href":"https:\/\/www.medicina.ufmg.br\/saudecomciencia\/wp-json\/wp\/v2\/users\/112"}],"replies":[{"embeddable":true,"href":"https:\/\/www.medicina.ufmg.br\/saudecomciencia\/wp-json\/wp\/v2\/comments?post=10676"}],"version-history":[{"count":2,"href":"https:\/\/www.medicina.ufmg.br\/saudecomciencia\/wp-json\/wp\/v2\/posts\/10676\/revisions"}],"predecessor-version":[{"id":10683,"href":"https:\/\/www.medicina.ufmg.br\/saudecomciencia\/wp-json\/wp\/v2\/posts\/10676\/revisions\/10683"}],"wp:featuredmedia":[{"embeddable":true,"href":"https:\/\/www.medicina.ufmg.br\/saudecomciencia\/wp-json\/wp\/v2\/media\/10681"}],"wp:attachment":[{"href":"https:\/\/www.medicina.ufmg.br\/saudecomciencia\/wp-json\/wp\/v2\/media?parent=10676"}],"wp:term":[{"taxonomy":"category","embeddable":true,"href":"https:\/\/www.medicina.ufmg.br\/saudecomciencia\/wp-json\/wp\/v2\/categories?post=10676"},{"taxonomy":"post_tag","embeddable":true,"href":"https:\/\/www.medicina.ufmg.br\/saudecomciencia\/wp-json\/wp\/v2\/tags?post=10676"}],"curies":[{"name":"wp","href":"https:\/\/api.w.org\/{rel}","templated":true}]}}