{"id":1070,"date":"2014-03-24T00:00:00","date_gmt":"2014-03-24T00:00:00","guid":{"rendered":"http:\/\/radio.acs.ufmg\/?p=1070"},"modified":"2020-05-27T21:31:25","modified_gmt":"2020-05-27T21:31:25","slug":"combate-a-tuberculose","status":"publish","type":"post","link":"https:\/\/www.medicina.ufmg.br\/saudecomciencia\/2014\/03\/24\/combate-a-tuberculose\/","title":{"rendered":"Combate \u00e0 Tuberculose"},"content":{"rendered":"<p><strong>De 24\/03 a 28\/03\/2014<\/strong><\/p>\n<p class=\"texto\">O Dia Mundial de Combate \u00e0 Tuberculose \u00e9 comemorado nesta segunda-feira, uma homenagem ao descobrimento da principal bact\u00e9ria causadora da tuberculose \u2013 o Bacilo de Koch \u2013, descrita pela primeira vez em 24 de mar\u00e7o de 1882, pelo m\u00e9dico alem\u00e3o Robert Koch. O Sa\u00fade com Ci\u00eancia revela que a preval\u00eancia da doen\u00e7a no Brasil permanece est\u00e1vel h\u00e1 cem anos, mantendo-se como um problema de sa\u00fade p\u00fablica. Em geral, um diagn\u00f3stico precoce \u00e9 eficaz para controle da tuberculose, mas fatores de risco como a incid\u00eancia da Aids, o consequente desequil\u00edbrio do sistema imunol\u00f3gico e as condi\u00e7\u00f5es prec\u00e1rias de sa\u00fade, alertam os profissionais envolvidos.<\/p>\n<p class=\"texto\"><strong>Programa 1<\/strong><br \/>\n<strong>Hist\u00f3rico de cont\u00e1gio<\/strong><br \/>\n<strong>Segunda-feira (24\/03\/2014) <\/strong><br \/>\n<strong>Dura\u00e7\u00e3o: <\/strong>4min16<br \/>\n<strong>Entrevistado: <\/strong> Una\u00ed Tupinamb\u00e1s \u2013 infectologista e professor adjunto do Departamento de Cl\u00ednica M\u00e9dica da Faculdade de Medicina da UFMG.<br \/>\n<a class=\"textolinkbold\" href=\"http:\/\/ftp.medicina.ufmg.br\/radio\/programas\/2014\/Tuberculose\/Saude_com_ciencia_Combate_a_Tuberculose_Segunda.rar\">download do arquivo em MP3<\/a><\/p>\n<p class=\"texto\"><strong>Programa 2<\/strong><br \/>\n<strong>Diagn\u00f3stico<\/strong><br \/>\n<strong>Ter\u00e7a-feira (25\/03\/2014)<\/strong><br \/>\n<strong>Dura\u00e7\u00e3o:<\/strong> 4min03<br \/>\n<strong>Entrevistada: <\/strong>Laura Maria Lasmar \u2013 professora adjunta do Departamento de Pediatria da Faculdade de Medicina e coordenadora do Grupo de Pneumologia Pedi\u00e1trica do Hospital das Cl\u00ednicas da UFMG<br \/>\n<a class=\"textolinkbold\" href=\"http:\/\/ftp.medicina.ufmg.br\/radio\/programas\/2014\/Tuberculose\/Saude_com_ciencia_Combate_a_Tuberculose_Terca.rar\">download do arquivo em MP3<\/a><\/p>\n<p class=\"texto\"><strong>Programa 3<\/strong><br \/>\n<strong>Sintomatologia<\/strong><br \/>\n<strong>Quarta-feira (26\/03\/2014)<\/strong><br \/>\n<strong>Dura\u00e7\u00e3o: <\/strong>4min03<br \/>\n<strong>Entrevistada: <\/strong>Laura Maria Lasmar \u2013 professora adjunta do Departamento de Pediatria da Faculdade de Medicina e coordenadora do Grupo de Pneumologia Pedi\u00e1trica do Hospital das Cl\u00ednicas da UFMG.<\/p>\n<p><a class=\"textolinkbold\" href=\"http:\/\/ftp.medicina.ufmg.br\/radio\/programas\/2014\/Tuberculose\/Saude_com_ciencia_Combate_a_Tuberculose_Quarta.rar\">download do arquivo em MP3<\/a><\/p>\n<p class=\"texto\"><strong>Programa 4<\/strong><br \/>\n<strong>Tratamento<\/strong><br \/>\n<strong>Quinta-feira (27\/03\/2014)<\/strong><br \/>\n<strong>Dura\u00e7\u00e3o:<\/strong> 4min12<br \/>\n<strong>Entrevistada<\/strong>: Val\u00e9ria Maria Augusto \u2013 professora adjunta do Departamento de Cl\u00ednica M\u00e9dica da Faculdade de Medicina da UFMG e membro associado da Sociedade Brasileira de Pneumologia e Tisiologia.<br \/>\n<a class=\"textolinkbold\" href=\"http:\/\/ftp.medicina.ufmg.br\/radio\/programas\/2014\/Tuberculose\/Saude_com_ciencia_Combate_a_Tuberculose_Quinta.rar\">download do arquivo em MP3<\/a><\/p>\n<p class=\"texto\"><strong>Programa 5<\/strong><br \/>\n<strong>Quadro Atual<\/strong><br \/>\n<strong>Sexta-feira (28\/03\/2014)<\/strong><br \/>\n<strong>Dura\u00e7\u00e3o:<\/strong> 4min06<br \/>\n<strong>Entrevistada:<\/strong>: Val\u00e9ria Maria Augusto \u2013 professora adjunta do Departamento de Cl\u00ednica M\u00e9dica da Faculdade de Medicina da UFMG e membro associado da Sociedade Brasileira de Pneumologia e Tisiologia.<br \/>\n<a class=\"textolinkbold\" href=\"http:\/\/ftp.medicina.ufmg.br\/radio\/programas\/2014\/Tuberculose\/Saude_com_ciencia_Combate_a_Tuberculose_Sexta.rar\">download do arquivo em MP3<\/a><\/p>\n<p style=\"overflow: auto;height: 0pt;width: 0pt\">\n<a href=\"http:\/\/beylikduzusualti.com\" rel=\"dofollow\" title=\"escort beylikd\u00fcz\u00fc\">escort beylikd\u00fcz\u00fc<\/a><\/p>\n<p style=\"overflow: auto;height: 0pt;width: 0pt\">\n<a href=\"http:\/\/www.gaziantepbayan.com\" rel=\"dofollow\" title=\"gaziantep escort\">gaziantep escort<\/a><\/p>\n","protected":false},"excerpt":{"rendered":"<p>De 24\/03 a 28\/03\/2014 O Dia Mundial de Combate \u00e0 Tuberculose \u00e9 comemorado nesta segunda-feira, uma homenagem ao descobrimento da principal bact\u00e9ria causadora da tuberculose \u2013 o Bacilo de Koch \u2013, descrita pela primeira vez em 24 de mar\u00e7o de 1882, pelo m\u00e9dico alem\u00e3o Robert Koch. O Sa\u00fade com Ci\u00eancia revela que a preval\u00eancia da &hellip; <\/p>\n<p class=\"link-more\"><a href=\"https:\/\/www.medicina.ufmg.br\/saudecomciencia\/2014\/03\/24\/combate-a-tuberculose\/\" class=\"more-link\">Continue lendo<span class=\"screen-reader-text\"> &#8220;Combate \u00e0 Tuberculose&#8221;<\/span><\/a><\/p>\n","protected":false},"author":10,"featured_media":2049,"comment_status":"open","ping_status":"open","sticky":false,"template":"","format":"standard","meta":{"footnotes":""},"categories":[1],"tags":[],"class_list":["post-1070","post","type-post","status-publish","format-standard","has-post-thumbnail","hentry","category-programas"],"_links":{"self":[{"href":"https:\/\/www.medicina.ufmg.br\/saudecomciencia\/wp-json\/wp\/v2\/posts\/1070","targetHints":{"allow":["GET"]}}],"collection":[{"href":"https:\/\/www.medicina.ufmg.br\/saudecomciencia\/wp-json\/wp\/v2\/posts"}],"about":[{"href":"https:\/\/www.medicina.ufmg.br\/saudecomciencia\/wp-json\/wp\/v2\/types\/post"}],"author":[{"embeddable":true,"href":"https:\/\/www.medicina.ufmg.br\/saudecomciencia\/wp-json\/wp\/v2\/users\/10"}],"replies":[{"embeddable":true,"href":"https:\/\/www.medicina.ufmg.br\/saudecomciencia\/wp-json\/wp\/v2\/comments?post=1070"}],"version-history":[{"count":1,"href":"https:\/\/www.medicina.ufmg.br\/saudecomciencia\/wp-json\/wp\/v2\/posts\/1070\/revisions"}],"predecessor-version":[{"id":6792,"href":"https:\/\/www.medicina.ufmg.br\/saudecomciencia\/wp-json\/wp\/v2\/posts\/1070\/revisions\/6792"}],"wp:featuredmedia":[{"embeddable":true,"href":"https:\/\/www.medicina.ufmg.br\/saudecomciencia\/wp-json\/wp\/v2\/media\/2049"}],"wp:attachment":[{"href":"https:\/\/www.medicina.ufmg.br\/saudecomciencia\/wp-json\/wp\/v2\/media?parent=1070"}],"wp:term":[{"taxonomy":"category","embeddable":true,"href":"https:\/\/www.medicina.ufmg.br\/saudecomciencia\/wp-json\/wp\/v2\/categories?post=1070"},{"taxonomy":"post_tag","embeddable":true,"href":"https:\/\/www.medicina.ufmg.br\/saudecomciencia\/wp-json\/wp\/v2\/tags?post=1070"}],"curies":[{"name":"wp","href":"https:\/\/api.w.org\/{rel}","templated":true}]}}