{"id":1074,"date":"2014-02-14T00:00:00","date_gmt":"2014-02-14T00:00:00","guid":{"rendered":"http:\/\/radio.acs.ufmg\/?p=1074"},"modified":"2020-05-27T21:31:26","modified_gmt":"2020-05-27T21:31:26","slug":"caracteristicas-do-corpo","status":"publish","type":"post","link":"https:\/\/www.medicina.ufmg.br\/saudecomciencia\/2014\/02\/14\/caracteristicas-do-corpo\/","title":{"rendered":"Caracter\u00edsticas do Corpo"},"content":{"rendered":"<p><strong>De 07 a 14\/02\/2014<\/strong><\/p>\n<p class=\"texto\">Caracter\u00edsticas f\u00edsicas como albinismo, sardas e baixa estatura costumam n\u00e3o passar despercebidas pelas pessoas. Por\u00e9m, pouco se sabe sobre a origem e as formas de lidar com essas condi\u00e7\u00f5es do corpo. O Sa\u00fade com Ci\u00eancia desta semana convidou especialistas da UFMG para tirar d\u00favidas sobre o tema.<\/p>\n<p class=\"texto\"><strong>Programa 1<\/strong><br \/>\n<strong>Albinismo<\/strong><br \/>\n<strong>Segunda-feira (10\/02\/2014) <\/strong><br \/>\n<strong>Dura\u00e7\u00e3o: <\/strong>4min23<br \/>\n<strong>Entrevistado: <\/strong>Marcos Jos\u00e9 Burle de Aguiar \u2013 professor do Departamento de Pediatra e vice-diretor do N\u00facleo de A\u00e7\u00f5es e Pesquisa em Apoio Diagn\u00f3stico (Nupad) da Faculdade de Medicina da UFMG.<br \/>\n<a class=\"textolinkbold\" href=\"http:\/\/ftp.medicina.ufmg.br\/radio\/programas\/2014\/caracteristicadocorpo\/Saudecomciencia_CaracteristicasdoCorpo_Segunda.rar\">download do arquivo em MP3<\/a><\/p>\n<p class=\"texto\"><strong>Programa 2<\/strong><br \/>\n<strong>Baixa Estatura<\/strong><br \/>\n<strong>Ter\u00e7a-feira (11\/02\/2014)<\/strong><br \/>\n<strong>Dura\u00e7\u00e3o:<\/strong> 4min13<br \/>\n<strong>Entrevistado: <\/strong>: Marcos Jos\u00e9 Burle de Aguiar \u2013 professor do Departamento de Pediatra e vice-diretor do N\u00facleo de A\u00e7\u00f5es e Pesquisa em Apoio Diagn\u00f3stico (Nupad) da Faculdade de Medicina da UFMG.<br \/>\n<a class=\"textolinkbold\" href=\"http:\/\/ftp.medicina.ufmg.br\/radio\/programas\/2014\/caracteristicadocorpo\/Saudecomciencia_CaracteristicasdoCorpo_Terca.rar\">download do arquivo em MP3<\/a><\/p>\n<p class=\"texto\"><strong>Programa 3<\/strong><br \/>\n<strong>Gigantismo e Acromegalia<\/strong><br \/>\n<strong>Quarta-feira (12\/02\/2014)<\/strong><br \/>\n<strong>Dura\u00e7\u00e3o: <\/strong>4min20<br \/>\n<strong>Entrevistada: <\/strong>Maria Marta Sarquis Soares \u2013 endocrinologista e professora associada do Departamento de Cl\u00ednica M\u00e9dica da Faculdade de Medicina da UFMG.<br \/>\n<a class=\"textolinkbold\" href=\"http:\/\/ftp.medicina.ufmg.br\/radio\/programas\/2014\/caracteristicadocorpo\/Saudecomciencia_CaracteristicasdoCorpo_Quarta.rar\">download do arquivo em MP3<\/a><\/p>\n<p class=\"texto\"><strong>Programa 4<\/strong><br \/>\n<strong>Sardas<\/strong><br \/>\n<strong>Quinta-feira (13\/02\/2014)<\/strong><br \/>\n<strong>Dura\u00e7\u00e3o:<\/strong> 3min54<br \/>\n<strong>Entrevistada<\/strong>: Fl\u00e1via Vasques Bittencourt \u2013 dermatologista e professora adjunta do Departamento de Cl\u00ednica M\u00e9dica da Faculdade de Medicina da UFMG.<br \/>\n<a class=\"textolinkbold\" href=\"http:\/\/ftp.medicina.ufmg.br\/radio\/programas\/2014\/caracteristicadocorpo\/Saudecomciencia_CaracteristicasdoCorpo_Quinta.rar\">download do arquivo em MP3<\/a><\/p>\n<p class=\"texto\"><strong>Programa 5<\/strong><br \/>\n<strong>Heterocromia da \u00edris<\/strong><br \/>\n<strong>Sexta-feira (14\/02\/2014)<\/strong><br \/>\n<strong>Dura\u00e7\u00e3o:<\/strong> 4min12<br \/>\n<strong>Entrevistado:<\/strong> Marcos Jos\u00e9 Burle de Aguiar \u2013 professor do Departamento de Pediatra e vice-diretor do N\u00facleo de A\u00e7\u00f5es e Pesquisa em Apoio Diagn\u00f3stico (Nupad) da Faculdade de Medicina da UFMG.<br \/>\n<a class=\"textolinkbold\" href=\"http:\/\/ftp.medicina.ufmg.br\/radio\/programas\/2014\/caracteristicadocorpo\/Saudecomciencia_CaracteristicasdoCorpo_Sexta.rar\">download do arquivo em MP3<\/a><\/p>\n","protected":false},"excerpt":{"rendered":"<p>De 07 a 14\/02\/2014 Caracter\u00edsticas f\u00edsicas como albinismo, sardas e baixa estatura costumam n\u00e3o passar despercebidas pelas pessoas. Por\u00e9m, pouco se sabe sobre a origem e as formas de lidar com essas condi\u00e7\u00f5es do corpo. O Sa\u00fade com Ci\u00eancia desta semana convidou especialistas da UFMG para tirar d\u00favidas sobre o tema. Programa 1 Albinismo Segunda-feira &hellip; <\/p>\n<p class=\"link-more\"><a href=\"https:\/\/www.medicina.ufmg.br\/saudecomciencia\/2014\/02\/14\/caracteristicas-do-corpo\/\" class=\"more-link\">Continue lendo<span class=\"screen-reader-text\"> &#8220;Caracter\u00edsticas do Corpo&#8221;<\/span><\/a><\/p>\n","protected":false},"author":10,"featured_media":2061,"comment_status":"open","ping_status":"open","sticky":false,"template":"","format":"standard","meta":{"footnotes":""},"categories":[1],"tags":[],"class_list":["post-1074","post","type-post","status-publish","format-standard","has-post-thumbnail","hentry","category-programas"],"_links":{"self":[{"href":"https:\/\/www.medicina.ufmg.br\/saudecomciencia\/wp-json\/wp\/v2\/posts\/1074","targetHints":{"allow":["GET"]}}],"collection":[{"href":"https:\/\/www.medicina.ufmg.br\/saudecomciencia\/wp-json\/wp\/v2\/posts"}],"about":[{"href":"https:\/\/www.medicina.ufmg.br\/saudecomciencia\/wp-json\/wp\/v2\/types\/post"}],"author":[{"embeddable":true,"href":"https:\/\/www.medicina.ufmg.br\/saudecomciencia\/wp-json\/wp\/v2\/users\/10"}],"replies":[{"embeddable":true,"href":"https:\/\/www.medicina.ufmg.br\/saudecomciencia\/wp-json\/wp\/v2\/comments?post=1074"}],"version-history":[{"count":1,"href":"https:\/\/www.medicina.ufmg.br\/saudecomciencia\/wp-json\/wp\/v2\/posts\/1074\/revisions"}],"predecessor-version":[{"id":6798,"href":"https:\/\/www.medicina.ufmg.br\/saudecomciencia\/wp-json\/wp\/v2\/posts\/1074\/revisions\/6798"}],"wp:featuredmedia":[{"embeddable":true,"href":"https:\/\/www.medicina.ufmg.br\/saudecomciencia\/wp-json\/wp\/v2\/media\/2061"}],"wp:attachment":[{"href":"https:\/\/www.medicina.ufmg.br\/saudecomciencia\/wp-json\/wp\/v2\/media?parent=1074"}],"wp:term":[{"taxonomy":"category","embeddable":true,"href":"https:\/\/www.medicina.ufmg.br\/saudecomciencia\/wp-json\/wp\/v2\/categories?post=1074"},{"taxonomy":"post_tag","embeddable":true,"href":"https:\/\/www.medicina.ufmg.br\/saudecomciencia\/wp-json\/wp\/v2\/tags?post=1074"}],"curies":[{"name":"wp","href":"https:\/\/api.w.org\/{rel}","templated":true}]}}