{"id":1086,"date":"2014-01-31T00:00:00","date_gmt":"2014-01-31T00:00:00","guid":{"rendered":"http:\/\/radio.acs.ufmg\/?p=1086"},"modified":"2020-05-27T21:31:26","modified_gmt":"2020-05-27T21:31:26","slug":"o-aborto-e-a-lei","status":"publish","type":"post","link":"https:\/\/www.medicina.ufmg.br\/saudecomciencia\/2014\/01\/31\/o-aborto-e-a-lei\/","title":{"rendered":"O aborto e a lei"},"content":{"rendered":"<p><strong>De 27 a 31\/01\/2014<\/strong><\/p>\n<p class=\"texto\">O aborto \u00e9 considerado pela legisla\u00e7\u00e3o brasileira um crime contra a vida humana, exceto em situa\u00e7\u00f5es de estupro, risco \u00e0 vida da gestante e beb\u00eas anenc\u00e9falos, que n\u00e3o desenvolvem o c\u00e9rebro. O Sa\u00fade com Ci\u00eancia desta semana explica em quais condi\u00e7\u00f5es a mulher pode realizar o aborto gratuitamente pelo Sistema \u00danico de Sa\u00fade (SUS), al\u00e9m de tra\u00e7ar panorama atual da situa\u00e7\u00e3o no pa\u00eds.<\/p>\n<p class=\"texto\"><strong>Programa 1<\/strong><br \/>\n<strong>Situa\u00e7\u00e3o no Brasil<\/strong><br \/>\n<strong>Segunda-feira (27\/01\/2014) <\/strong><br \/>\n<strong>Dura\u00e7\u00e3o: <\/strong>4min08<br \/>\n<strong>Entrevistada: <\/strong>Palova Amisses \u2013 advogada especializada em Direito M\u00e9dico e professora de Direito da PUC Minas.<br \/>\n<a class=\"textolinkbold\" href=\"http:\/\/ftp.medicina.ufmg.br\/radio\/programas\/2014\/Aborto\/Saude_com_ciencia_O_aborto_e_a_lei_Segunda.rar\">download do arquivo em MP3<\/a><\/p>\n<p class=\"texto\"><strong>Programa 2<\/strong><br \/>\n<strong>Malforma\u00e7\u00f5es do feto<\/strong><br \/>\n<strong>Ter\u00e7a-feira (28\/01\/2014)<\/strong><br \/>\n<strong>Dura\u00e7\u00e3o:<\/strong> 3min59<br \/>\n<strong>Entrevistada: <\/strong>Eura Martins Lage \u2013 professora do Departamento de Ginecologia e Obstetr\u00edcia da Faculdade de Medicina da UFMG.<br \/>\n<a class=\"textolinkbold\" href=\"http:\/\/ftp.medicina.ufmg.br\/radio\/programas\/2014\/Aborto\/Saude_com_ciencia_O_aborto_e_a_lei_Terca.rar\">download do arquivo em MP3<\/a><\/p>\n<p class=\"texto\"><strong>Programa 3<\/strong><br \/>\n<strong>Anencefalia<\/strong><br \/>\n<strong>Quarta-feira (29\/01\/2014)<\/strong><br \/>\n<strong>Dura\u00e7\u00e3o: <\/strong>4min03<br \/>\n<strong>Entrevistada: <\/strong>Eura Martins Lage \u2013 professora do Departamento de Ginecologia e Obstetr\u00edcia da Faculdade de Medicina da UFMG.<br \/>\n<a class=\"textolinkbold\" href=\"http:\/\/ftp.medicina.ufmg.br\/radio\/programas\/2014\/Aborto\/Saude_com_ciencia_O_aborto_e_a_lei_Quarta.rar\">download do arquivo em MP3<\/a><\/p>\n<p class=\"texto\"><strong>Programa 4<\/strong><br \/>\n<strong>Abortos clandestinos<\/strong><br \/>\n<strong>Quinta-feira (30\/01\/2014)<\/strong><br \/>\n<strong>Dura\u00e7\u00e3o:<\/strong> 4min19<br \/>\n<strong>Entrevistada: <\/strong>Alamanda Kfoury Pereira \u2013 professora do Departamento de Ginecologia e Obstetr\u00edcia da Faculdade de Medicina da UFMG.<br \/>\n<a class=\"textolinkbold\" href=\"http:\/\/ftp.medicina.ufmg.br\/radio\/programas\/2014\/Aborto\/Saude_com_ciencia_O_aborto_e_a_lei_Quinta.rar\">download do arquivo em MP3<\/a><\/p>\n<p class=\"texto\"><strong>Programa 5<\/strong><br \/>\n<strong>Sa\u00fade da mulher e aborto espont\u00e2neo<\/strong><br \/>\n<strong>Sexta-feira (31\/01\/2014)<\/strong><br \/>\n<strong>Dura\u00e7\u00e3o:<\/strong> 4min22<br \/>\n<strong>Entrevistado: <\/strong>Emerson Duarte \u2013 m\u00e9dico ginecologista e obstetra.<br \/>\n<a class=\"textolinkbold\" href=\"http:\/\/ftp.medicina.ufmg.br\/radio\/programas\/2014\/Aborto\/Saude_com_ciencia_O_aborto_e_a_lei_Sexta.rar\">download do arquivo em MP3<\/a><\/p>\n","protected":false},"excerpt":{"rendered":"<p>De 27 a 31\/01\/2014 O aborto \u00e9 considerado pela legisla\u00e7\u00e3o brasileira um crime contra a vida humana, exceto em situa\u00e7\u00f5es de estupro, risco \u00e0 vida da gestante e beb\u00eas anenc\u00e9falos, que n\u00e3o desenvolvem o c\u00e9rebro. O Sa\u00fade com Ci\u00eancia desta semana explica em quais condi\u00e7\u00f5es a mulher pode realizar o aborto gratuitamente pelo Sistema \u00danico &hellip; <\/p>\n<p class=\"link-more\"><a href=\"https:\/\/www.medicina.ufmg.br\/saudecomciencia\/2014\/01\/31\/o-aborto-e-a-lei\/\" class=\"more-link\">Continue lendo<span class=\"screen-reader-text\"> &#8220;O aborto e a lei&#8221;<\/span><\/a><\/p>\n","protected":false},"author":10,"featured_media":2066,"comment_status":"open","ping_status":"open","sticky":false,"template":"","format":"standard","meta":{"footnotes":""},"categories":[1],"tags":[],"class_list":["post-1086","post","type-post","status-publish","format-standard","has-post-thumbnail","hentry","category-programas"],"_links":{"self":[{"href":"https:\/\/www.medicina.ufmg.br\/saudecomciencia\/wp-json\/wp\/v2\/posts\/1086","targetHints":{"allow":["GET"]}}],"collection":[{"href":"https:\/\/www.medicina.ufmg.br\/saudecomciencia\/wp-json\/wp\/v2\/posts"}],"about":[{"href":"https:\/\/www.medicina.ufmg.br\/saudecomciencia\/wp-json\/wp\/v2\/types\/post"}],"author":[{"embeddable":true,"href":"https:\/\/www.medicina.ufmg.br\/saudecomciencia\/wp-json\/wp\/v2\/users\/10"}],"replies":[{"embeddable":true,"href":"https:\/\/www.medicina.ufmg.br\/saudecomciencia\/wp-json\/wp\/v2\/comments?post=1086"}],"version-history":[{"count":1,"href":"https:\/\/www.medicina.ufmg.br\/saudecomciencia\/wp-json\/wp\/v2\/posts\/1086\/revisions"}],"predecessor-version":[{"id":6800,"href":"https:\/\/www.medicina.ufmg.br\/saudecomciencia\/wp-json\/wp\/v2\/posts\/1086\/revisions\/6800"}],"wp:featuredmedia":[{"embeddable":true,"href":"https:\/\/www.medicina.ufmg.br\/saudecomciencia\/wp-json\/wp\/v2\/media\/2066"}],"wp:attachment":[{"href":"https:\/\/www.medicina.ufmg.br\/saudecomciencia\/wp-json\/wp\/v2\/media?parent=1086"}],"wp:term":[{"taxonomy":"category","embeddable":true,"href":"https:\/\/www.medicina.ufmg.br\/saudecomciencia\/wp-json\/wp\/v2\/categories?post=1086"},{"taxonomy":"post_tag","embeddable":true,"href":"https:\/\/www.medicina.ufmg.br\/saudecomciencia\/wp-json\/wp\/v2\/tags?post=1086"}],"curies":[{"name":"wp","href":"https:\/\/api.w.org\/{rel}","templated":true}]}}