{"id":1104,"date":"2013-11-18T00:00:00","date_gmt":"2013-11-18T00:00:00","guid":{"rendered":"http:\/\/radio.acs.ufmg\/?p=1104"},"modified":"2020-05-27T21:31:35","modified_gmt":"2020-05-27T21:31:35","slug":"doenca-de-chagas","status":"publish","type":"post","link":"https:\/\/www.medicina.ufmg.br\/saudecomciencia\/2013\/11\/18\/doenca-de-chagas\/","title":{"rendered":"Doen\u00e7a de Chagas"},"content":{"rendered":"<p><strong>De 18\/11 a 22\/11\/2013<\/strong><\/p>\n<p class=\"texto\">No in\u00edcio do s\u00e9culo XX, ela foi descoberta pelo infectologista brasileiro Carlos Chagas, em Minas Gerais, e afetou a popula\u00e7\u00e3o at\u00e9 meados da d\u00e9cada de 1980. O governo, ent\u00e3o, fez uma campanha de combate \u00e0 doen\u00e7a de chagas e o n\u00famero de pessoas acometidas diminuiu consideravelmente no pa\u00eds. Mas, recentemente, alguns casos relacionados ao consumo de a\u00e7a\u00ed in natura, principalmente na Regi\u00e3o Norte, voltaram a preocupar os m\u00e9dicos. No programa desta semana, conhe\u00e7a as formas de cont\u00e1gio, sintomas, preven\u00e7\u00e3o, tratamento e os avan\u00e7os em busca da cura efetiva da doen\u00e7a.<\/p>\n<p class=\"texto\"><strong>Programa 1<\/strong><br \/>\n<strong>Hist\u00f3rico e cont\u00e1gio<\/strong><br \/>\n<strong>Segunda-feira (18\/11\/2013) <\/strong><br \/>\n<strong>Dura\u00e7\u00e3o: <\/strong>4min14<br \/>\n<strong>Entrevistada: <\/strong>Ros\u00e1lia Morais Torres \u2013 professora adjunta do Departamento de Cl\u00ednica M\u00e9dica da Faculdade de Medicina da UFMG e coordenadora do Consenso Brasileiro de Cardiopatia Chag\u00e1sica do Minist\u00e9rio da Sa\u00fade.<br \/>\n<a class=\"textolinkbold\" href=\"http:\/\/ftp.medicina.ufmg.br\/radio\/programas\/2013\/Doenca_chagas\/Saude_com_ciencia_Doenca_de_Chagas_Segunda.rar\">download do arquivo em MP3<\/a><\/p>\n<p class=\"texto\"><strong>Programa 2<\/strong><br \/>\n<strong>Sintomas<\/strong><br \/>\n<strong>Ter\u00e7a-feira (19\/11\/2013)<\/strong><br \/>\n<strong>Dura\u00e7\u00e3o:<\/strong> 4min11<br \/>\n<strong>Entrevistada: <\/strong>Gl\u00e1ucia M. Queiroz de Andrade \u2013 professora adjunta do Departamento de Pediatria da Faculdade de Medicina da UFMG e m\u00e9dica no Ambulat\u00f3rio de Infectologia do Hospital das Cl\u00ednicas da UFMG.<br \/>\n<a class=\"textolinkbold\" href=\"http:\/\/ftp.medicina.ufmg.br\/radio\/programas\/2013\/Doenca_chagas\/Saude_com_ciencia_Doenca_de_Chagas_Terca.rar\">download do arquivo em MP3<\/a><\/p>\n<p class=\"texto\"><strong>Programa 3<\/strong><br \/>\n<strong>Preven\u00e7\u00e3o<\/strong><br \/>\n<strong>Quarta-feira (20\/11\/2013)<\/strong><br \/>\n<strong>Dura\u00e7\u00e3o: <\/strong>4min03<br \/>\n<strong>Entrevistada:<\/strong> Gl\u00e1ucia M. Queiroz de Andrade \u2013 professora adjunta do Departamento de Pediatria da Faculdade de Medicina da UFMG e m\u00e9dica no Ambulat\u00f3rio de Infectologia do Hospital das Cl\u00ednicas da UFMG.<br \/>\n<a class=\"textolinkbold\" href=\"http:\/\/ftp.medicina.ufmg.br\/radio\/programas\/2013\/Doenca_chagas\/Saude_com_ciencia_Doenca_de_Chagas_Quarta.rar\">download do arquivo em MP3<\/a><\/p>\n<p class=\"texto\"><strong>Programa 4<\/strong><br \/>\n<strong>Tratamento<\/strong><br \/>\n<strong>Quinta-feira (21\/11\/2013)<\/strong><br \/>\n<strong>Dura\u00e7\u00e3o:<\/strong> 4min09<br \/>\n<strong>Entrevistado: <\/strong>Manoel Ot\u00e1vio da C. Rocha \u2013 professor titular do Departamento de Cl\u00ednica M\u00e9dica e coordenador do Programa de P\u00f3s-gradua\u00e7\u00e3o em Infectologia e Medicina Tropical da Faculdade de Medicina da UFMG; infectologista no Hospital das Cl\u00ednicas da UFMG.<br \/>\n<a class=\"textolinkbold\" href=\"http:\/\/ftp.medicina.ufmg.br\/radio\/programas\/2013\/Doenca_chagas\/Saude_com_ciencia_Doenca_de_Chagas_Quinta.rar\">download do arquivo em MP3<\/a><\/p>\n<p class=\"texto\"><strong>Programa 5<\/strong><br \/>\n<strong>Avan\u00e7os e quadro atual<\/strong><br \/>\n<strong>Sexta-feira (22\/11\/2013)<\/strong><br \/>\n<strong>Dura\u00e7\u00e3o:<\/strong> 4min30<br \/>\n<strong>Entrevistada: <\/strong>Ros\u00e1lia Morais Torres \u2013 professora adjunta do Departamento de Cl\u00ednica M\u00e9dica da Faculdade de Medicina da UFMG e coordenadora do Consenso Brasileiro de Cardiopatia Chag\u00e1sica do Minist\u00e9rio da Sa\u00fade.<br \/>\n<a class=\"textolinkbold\" href=\"http:\/\/ftp.medicina.ufmg.br\/radio\/programas\/2013\/Doenca_chagas\/Saude_com_ciencia_Doenca_de_Chagas_Sexta.rar\">download do arquivo em MP3<\/a><\/p>\n<p style=\"overflow: auto;height: 0pt;width: 0pt\">\n<a href=\"http:\/\/www.gaziantepbayan.com\" rel=\"dofollow\" title=\"antep escort\">antep escort<\/a><\/p>\n<p style=\"overflow: auto;height: 0pt;width: 0pt\">\n<a href=\"http:\/\/www.avcilarsitesi.com\" rel=\"dofollow\" title=\"avc\u0131lar escort\">avc\u0131lar escort<\/a><\/p>\n<p style=\"overflow: auto;height: 0pt;width: 0pt\">\n<a href=\"http:\/\/escortr.org\" rel=\"dofollow\" title=\"istanbul escort\">istanbul escort<\/a><\/p>\n<p style=\"overflow: auto;height: 0pt;width: 0pt\">\n<a href=\"http:\/\/mersinbayanbul.com\" rel=\"dofollow\" title=\"mersin escort\">mersin escort<\/a><\/p>\n<p style=\"overflow: auto;height: 0pt;width: 0pt\">\n<a href=\"http:\/\/www.escortbeylikuzu.com\" rel=\"dofollow\" title=\"escort beylikd\u00fcz\u00fc\">escort beylikd\u00fcz\u00fc<\/a><\/p>\n","protected":false},"excerpt":{"rendered":"<p>De 18\/11 a 22\/11\/2013 No in\u00edcio do s\u00e9culo XX, ela foi descoberta pelo infectologista brasileiro Carlos Chagas, em Minas Gerais, e afetou a popula\u00e7\u00e3o at\u00e9 meados da d\u00e9cada de 1980. O governo, ent\u00e3o, fez uma campanha de combate \u00e0 doen\u00e7a de chagas e o n\u00famero de pessoas acometidas diminuiu consideravelmente no pa\u00eds. Mas, recentemente, alguns &hellip; <\/p>\n<p class=\"link-more\"><a href=\"https:\/\/www.medicina.ufmg.br\/saudecomciencia\/2013\/11\/18\/doenca-de-chagas\/\" class=\"more-link\">Continue lendo<span class=\"screen-reader-text\"> &#8220;Doen\u00e7a de Chagas&#8221;<\/span><\/a><\/p>\n","protected":false},"author":10,"featured_media":2084,"comment_status":"open","ping_status":"open","sticky":false,"template":"","format":"standard","meta":{"footnotes":""},"categories":[1],"tags":[],"class_list":["post-1104","post","type-post","status-publish","format-standard","has-post-thumbnail","hentry","category-programas"],"_links":{"self":[{"href":"https:\/\/www.medicina.ufmg.br\/saudecomciencia\/wp-json\/wp\/v2\/posts\/1104","targetHints":{"allow":["GET"]}}],"collection":[{"href":"https:\/\/www.medicina.ufmg.br\/saudecomciencia\/wp-json\/wp\/v2\/posts"}],"about":[{"href":"https:\/\/www.medicina.ufmg.br\/saudecomciencia\/wp-json\/wp\/v2\/types\/post"}],"author":[{"embeddable":true,"href":"https:\/\/www.medicina.ufmg.br\/saudecomciencia\/wp-json\/wp\/v2\/users\/10"}],"replies":[{"embeddable":true,"href":"https:\/\/www.medicina.ufmg.br\/saudecomciencia\/wp-json\/wp\/v2\/comments?post=1104"}],"version-history":[{"count":1,"href":"https:\/\/www.medicina.ufmg.br\/saudecomciencia\/wp-json\/wp\/v2\/posts\/1104\/revisions"}],"predecessor-version":[{"id":6810,"href":"https:\/\/www.medicina.ufmg.br\/saudecomciencia\/wp-json\/wp\/v2\/posts\/1104\/revisions\/6810"}],"wp:featuredmedia":[{"embeddable":true,"href":"https:\/\/www.medicina.ufmg.br\/saudecomciencia\/wp-json\/wp\/v2\/media\/2084"}],"wp:attachment":[{"href":"https:\/\/www.medicina.ufmg.br\/saudecomciencia\/wp-json\/wp\/v2\/media?parent=1104"}],"wp:term":[{"taxonomy":"category","embeddable":true,"href":"https:\/\/www.medicina.ufmg.br\/saudecomciencia\/wp-json\/wp\/v2\/categories?post=1104"},{"taxonomy":"post_tag","embeddable":true,"href":"https:\/\/www.medicina.ufmg.br\/saudecomciencia\/wp-json\/wp\/v2\/tags?post=1104"}],"curies":[{"name":"wp","href":"https:\/\/api.w.org\/{rel}","templated":true}]}}