{"id":1132,"date":"2013-08-26T00:00:00","date_gmt":"2013-08-26T00:00:00","guid":{"rendered":"http:\/\/radio.acs.ufmg\/?p=1132"},"modified":"2020-05-27T21:31:37","modified_gmt":"2020-05-27T21:31:37","slug":"inclusao","status":"publish","type":"post","link":"https:\/\/www.medicina.ufmg.br\/saudecomciencia\/2013\/08\/26\/inclusao\/","title":{"rendered":"Inclus\u00e3o"},"content":{"rendered":"<p><strong>De 26\/08 a 30\/08\/2013<\/strong><\/p>\n<p class=\"texto\" align=\"justify\">O Sa\u00fade com Ci\u00eancia dessa semana destaca atitudes e iniciativas de quem procura superar as dificuldades e mostrar que ningu\u00e9m, independente de sua diferen\u00e7a deve ser exclu\u00eddo. O assunto que d\u00e1 in\u00edcio \u00e0 s\u00e9rie &#8220;Inclus\u00e3o&#8221; \u00e9 a comunidade cega e o ensino superior; a acessibilidade, a s\u00edndrome de Down e a L\u00edngua Brasileira de sinais (LIBRAS) tamb\u00e9m ser\u00e3o abordados. E para finalizar, o tema ser\u00e1 a capacidade de supera\u00e7\u00e3o do ser humano.<\/p>\n<p><a href=\"http:\/\/www.escortbeylikuzu.com\/ad-category\/avcilar-escort\" title=\"avc\u0131lar escort\">avc\u0131lar escort<\/a><\/p>\n<p class=\"texto\" align=\"justify\"><strong>Programa 1<br \/>\nComunidade cega e o ensino superior Segunda-feira (26\/08\/2013)<br \/>\n<\/strong><br \/>\n&lt;!&#8211;<strong>Dura\u00e7\u00e3o:<\/strong> 4min10&#8211;&gt;<br \/>\n<strong>Entrevistados: <\/strong> Vera Moreira Nunes \u2013 Coordenadora do Centro de Apoio ao Deficiente Visual da UFMG.<br \/>\nSaulo Ferreira \u2013 estudante de medicina da Faculdade de Medicina da UFMG.<br \/>\nRafaela Alves \u2013 estudante de fonoaudiologia da Faculdade de Medicina da UFMG.<\/p>\n<p><a class=\"textolinkbold\" href=\"http:\/\/ftp.medicina.ufmg.br\/radio\/programas\/2013\/Inclusao\/Saude_com_ciencia_Inclusao_Social_Segunda.rar\">download do arquivo em MP3<\/a><\/p>\n<p class=\"texto\" align=\"justify\"><strong>Programa 2<\/strong><br \/>\n<strong>Defici\u00eancia motora e acessibilidade <\/strong><\/p>\n<p><strong>Ter\u00e7a-feira (27\/08\/2013)<\/strong><\/p>\n","protected":false},"excerpt":{"rendered":"<p>De 26\/08 a 30\/08\/2013 O Sa\u00fade com Ci\u00eancia dessa semana destaca atitudes e iniciativas de quem procura superar as dificuldades e mostrar que ningu\u00e9m, independente de sua diferen\u00e7a deve ser exclu\u00eddo. O assunto que d\u00e1 in\u00edcio \u00e0 s\u00e9rie &#8220;Inclus\u00e3o&#8221; \u00e9 a comunidade cega e o ensino superior; a acessibilidade, a s\u00edndrome de Down e a &hellip; <\/p>\n<p class=\"link-more\"><a href=\"https:\/\/www.medicina.ufmg.br\/saudecomciencia\/2013\/08\/26\/inclusao\/\" class=\"more-link\">Continue lendo<span class=\"screen-reader-text\"> &#8220;Inclus\u00e3o&#8221;<\/span><\/a><\/p>\n","protected":false},"author":10,"featured_media":2112,"comment_status":"open","ping_status":"open","sticky":false,"template":"","format":"standard","meta":{"footnotes":""},"categories":[1],"tags":[],"class_list":["post-1132","post","type-post","status-publish","format-standard","has-post-thumbnail","hentry","category-programas"],"_links":{"self":[{"href":"https:\/\/www.medicina.ufmg.br\/saudecomciencia\/wp-json\/wp\/v2\/posts\/1132","targetHints":{"allow":["GET"]}}],"collection":[{"href":"https:\/\/www.medicina.ufmg.br\/saudecomciencia\/wp-json\/wp\/v2\/posts"}],"about":[{"href":"https:\/\/www.medicina.ufmg.br\/saudecomciencia\/wp-json\/wp\/v2\/types\/post"}],"author":[{"embeddable":true,"href":"https:\/\/www.medicina.ufmg.br\/saudecomciencia\/wp-json\/wp\/v2\/users\/10"}],"replies":[{"embeddable":true,"href":"https:\/\/www.medicina.ufmg.br\/saudecomciencia\/wp-json\/wp\/v2\/comments?post=1132"}],"version-history":[{"count":1,"href":"https:\/\/www.medicina.ufmg.br\/saudecomciencia\/wp-json\/wp\/v2\/posts\/1132\/revisions"}],"predecessor-version":[{"id":6822,"href":"https:\/\/www.medicina.ufmg.br\/saudecomciencia\/wp-json\/wp\/v2\/posts\/1132\/revisions\/6822"}],"wp:featuredmedia":[{"embeddable":true,"href":"https:\/\/www.medicina.ufmg.br\/saudecomciencia\/wp-json\/wp\/v2\/media\/2112"}],"wp:attachment":[{"href":"https:\/\/www.medicina.ufmg.br\/saudecomciencia\/wp-json\/wp\/v2\/media?parent=1132"}],"wp:term":[{"taxonomy":"category","embeddable":true,"href":"https:\/\/www.medicina.ufmg.br\/saudecomciencia\/wp-json\/wp\/v2\/categories?post=1132"},{"taxonomy":"post_tag","embeddable":true,"href":"https:\/\/www.medicina.ufmg.br\/saudecomciencia\/wp-json\/wp\/v2\/tags?post=1132"}],"curies":[{"name":"wp","href":"https:\/\/api.w.org\/{rel}","templated":true}]}}