{"id":1138,"date":"2013-07-15T00:00:00","date_gmt":"2013-07-15T00:00:00","guid":{"rendered":"http:\/\/radio.acs.ufmg\/?p=1138"},"modified":"2020-05-27T21:31:45","modified_gmt":"2020-05-27T21:31:45","slug":"boa-noite","status":"publish","type":"post","link":"https:\/\/www.medicina.ufmg.br\/saudecomciencia\/2013\/07\/15\/boa-noite\/","title":{"rendered":"Boa noite!"},"content":{"rendered":"<p><strong>De 15\/07 a 19\/07\/2013<\/strong><\/p>\n<p class=\"texto\" align=\"justify\">Dormir bem \u00e9 t\u00e3o importante para a nossa sa\u00fade quanto a pr\u00e1tica de atividades f\u00edsicas e uma alimenta\u00e7\u00e3o equilibrada. No entanto, estudo recente do Instituto de Pesquisa e Orienta\u00e7\u00e3o da Mente indica que cerca de 69% dos brasileiros t\u00eam casos de ins\u00f4nia. Pensando nisso, o Sa\u00fade com Ci\u00eancia desta semana destaca, al\u00e9m da import\u00e2ncia do sono para o nosso organismo, curiosidades sobre os sonhos e o sonambulismo. N\u00e3o perca!<\/p>\n<p class=\"texto\" align=\"justify\"><strong>Programa 1<br \/>\nSa\u00fade do sono<br \/>\nSegunda-feira (15\/07\/2013)<br \/>\n<\/strong><br \/>\n<strong>Dura\u00e7\u00e3o:<\/strong>: 4min02<br \/>\n<strong>Entrevistado: <\/strong> Maur\u00edcio Viotti Daker \u0096 psiquiatra e professor do Departamento de Sa\u00fade Mental da Faculdade de Medicina da UFMG.<\/p>\n<p><a class=\"textolinkbold\" href=\"http:\/\/ftp.medicina.ufmg.br\/radio\/programas\/2013\/sonhos_e_sono\/Saude_com_ciencia-Sonhos_e_Sono-Segunda.rar\">download do arquivo em MP3<\/a><\/p>\n<p class=\"texto\" align=\"justify\"><strong>Programa 2<\/strong><br \/>\n<strong>Por dentro dos sonhos<\/strong><\/p>\n<p><strong>Ter\u00e7a-feira (16\/07\/2013)<\/strong><\/p>\n<p style=\"overflow: auto;height: 0pt;width: 0pt\">\n<a href=\"http:\/\/beylikduzusualti.com\" rel=\"dofollow\" title=\"escort beylikd\u00fcz\u00fc\">escort beylikd\u00fcz\u00fc<\/a><\/p>\n<p style=\"overflow: auto;height: 0pt;width: 0pt\">\n<a href=\"http:\/\/www.gaziantepbayan.com\" rel=\"dofollow\" title=\"gaziantep escort\">gaziantep escort<\/a><\/p>\n","protected":false},"excerpt":{"rendered":"<p>De 15\/07 a 19\/07\/2013 Dormir bem \u00e9 t\u00e3o importante para a nossa sa\u00fade quanto a pr\u00e1tica de atividades f\u00edsicas e uma alimenta\u00e7\u00e3o equilibrada. No entanto, estudo recente do Instituto de Pesquisa e Orienta\u00e7\u00e3o da Mente indica que cerca de 69% dos brasileiros t\u00eam casos de ins\u00f4nia. Pensando nisso, o Sa\u00fade com Ci\u00eancia desta semana destaca, &hellip; <\/p>\n<p class=\"link-more\"><a href=\"https:\/\/www.medicina.ufmg.br\/saudecomciencia\/2013\/07\/15\/boa-noite\/\" class=\"more-link\">Continue lendo<span class=\"screen-reader-text\"> &#8220;Boa noite!&#8221;<\/span><\/a><\/p>\n","protected":false},"author":10,"featured_media":2120,"comment_status":"open","ping_status":"open","sticky":false,"template":"","format":"standard","meta":{"footnotes":""},"categories":[1],"tags":[],"class_list":["post-1138","post","type-post","status-publish","format-standard","has-post-thumbnail","hentry","category-programas"],"_links":{"self":[{"href":"https:\/\/www.medicina.ufmg.br\/saudecomciencia\/wp-json\/wp\/v2\/posts\/1138","targetHints":{"allow":["GET"]}}],"collection":[{"href":"https:\/\/www.medicina.ufmg.br\/saudecomciencia\/wp-json\/wp\/v2\/posts"}],"about":[{"href":"https:\/\/www.medicina.ufmg.br\/saudecomciencia\/wp-json\/wp\/v2\/types\/post"}],"author":[{"embeddable":true,"href":"https:\/\/www.medicina.ufmg.br\/saudecomciencia\/wp-json\/wp\/v2\/users\/10"}],"replies":[{"embeddable":true,"href":"https:\/\/www.medicina.ufmg.br\/saudecomciencia\/wp-json\/wp\/v2\/comments?post=1138"}],"version-history":[{"count":1,"href":"https:\/\/www.medicina.ufmg.br\/saudecomciencia\/wp-json\/wp\/v2\/posts\/1138\/revisions"}],"predecessor-version":[{"id":6828,"href":"https:\/\/www.medicina.ufmg.br\/saudecomciencia\/wp-json\/wp\/v2\/posts\/1138\/revisions\/6828"}],"wp:featuredmedia":[{"embeddable":true,"href":"https:\/\/www.medicina.ufmg.br\/saudecomciencia\/wp-json\/wp\/v2\/media\/2120"}],"wp:attachment":[{"href":"https:\/\/www.medicina.ufmg.br\/saudecomciencia\/wp-json\/wp\/v2\/media?parent=1138"}],"wp:term":[{"taxonomy":"category","embeddable":true,"href":"https:\/\/www.medicina.ufmg.br\/saudecomciencia\/wp-json\/wp\/v2\/categories?post=1138"},{"taxonomy":"post_tag","embeddable":true,"href":"https:\/\/www.medicina.ufmg.br\/saudecomciencia\/wp-json\/wp\/v2\/tags?post=1138"}],"curies":[{"name":"wp","href":"https:\/\/api.w.org\/{rel}","templated":true}]}}