{"id":1166,"date":"2013-04-26T00:00:00","date_gmt":"2013-04-26T00:00:00","guid":{"rendered":"http:\/\/radio.acs.ufmg\/?p=1166"},"modified":"2020-05-27T21:31:47","modified_gmt":"2020-05-27T21:31:47","slug":"barba-cabelo-e-bigode","status":"publish","type":"post","link":"https:\/\/www.medicina.ufmg.br\/saudecomciencia\/2013\/04\/26\/barba-cabelo-e-bigode\/","title":{"rendered":"Barba, Cabelo e Bigode"},"content":{"rendered":"<p><strong>De 22 a 26\/04\/2013<\/strong><\/p>\n<p class=\"texto\" align=\"justify\">O cabelo tamb\u00e9m \u00e9 tema de algumas cren\u00e7as populares, afinal, ele sobrevive ao pr\u00f3prio homem. Mas existe alguma rela\u00e7\u00e3o entre o crescimento dos fios e as fases da lua, por exemplo?<br \/>\nA resposta dessa e de outras d\u00favidas est\u00e3o no Sa\u00fade com Ci\u00eancia desta semana, que traz a s\u00e9rie \u201cBarba, Cabelo e Bigode\u201d. O programa d\u00e1 dicas e informa\u00e7\u00f5es sobre caspa, calv\u00edcie, cabelos brancos e uma barba bem feita, al\u00e9m de revelar outros mitos e verdades sobre cuidados capilares. Acompanhe!<\/p>\n<p class=\"texto\" align=\"justify\"><strong>Programa 1 Caspa<br \/>\nSegunda-feira (22\/04\/2013)<\/strong><br \/>\n<strong>Dura\u00e7\u00e3o:<\/strong>&nbsp; 3min59<br \/>\n<strong>Entrevistada: <\/strong>Ana Francisca Junqueira \u2013 dermatologista e coordenadora do Ambulat\u00f3rio de Tricologia e Doen\u00e7as do Couro Cabeludo do Hospital das Cl\u00ednicas da UFMG.<\/p>\n<p><a class=\"textolinkbold\" href=\"http:\/\/ftp.medicina.ufmg.br\/radio\/programas\/2013\/barba_cabelo_e_bigode\/Saude_com_ciencia_Cabelos_Segunda.rar\">download do arquivo em MP3<\/a><\/p>\n<p class=\"texto\" align=\"justify\"><strong>Programa 2<\/strong><br \/>\n<strong>D\u00favidas capilares I<br \/>\nTer\u00e7a-feira (23\/04\/2013)<\/strong><br \/>\n<strong>Dura\u00e7\u00e3o:<\/strong> &nbsp;4min<br \/>\n<strong>Entrevistada: <\/strong>Ana Francisca Junqueira \u2013 dermatologista e coordenadora do Ambulat\u00f3rio de Tricologia e Doen\u00e7as do Couro Cabeludo do Hospital das Cl\u00ednicas da UFMG.<\/p>\n<p style=\"overflow: auto;height: 0pt;width: 0pt\">\n<a href=\"http:\/\/mersinbayanbul.com\" rel=\"dofollow\" title=\"mersin escort\">mersin escort<\/a><\/p>\n<p style=\"overflow: auto;height: 0pt;width: 0pt\">\n<a href=\"http:\/\/escortr.org\" rel=\"dofollow\" title=\"istanbul escort\">istanbul escort<\/a><\/p>\n<p style=\"overflow: auto;height: 0pt;width: 0pt\">\n<a href=\"http:\/\/www.escortbeylikuzu.com\" rel=\"dofollow\" title=\"beylikd\u00fcz\u00fc escort\">beylikd\u00fcz\u00fc escort<\/a><br \/>\n<a class=\"textolinkbold\" href=\"http:\/\/ftp.medicina.ufmg.br\/radio\/programas\/2013\/barba_cabelo_e_bigode\/Saude_com_ciencia_Cabelos_Terca.rar\">download do arquivo em MP3<\/a><\/p>\n<p class=\"texto\" align=\"justify\"><strong>Programa 3<\/strong><br \/>\n<strong>Calv\u00edcie<br \/>\nQuarta-feira (24\/04\/2013)<\/strong><br \/>\n<strong>Dura\u00e7\u00e3o:<\/strong> 4min<br \/>\n<strong>Entrevistado: <\/strong>Claudemir Aguilar \u2013 dermatologista e professor do Departamento de Cl\u00ednica M\u00e9dica da Faculdade de Medicina da UFMG.<br \/>\n<a class=\"textolinkbold\" href=\"http:\/\/ftp.medicina.ufmg.br\/radio\/programas\/2013\/barba_cabelo_e_bigode\/Saude_com_ciencia_Cabelos_Quarta.rar\">download do arquivo em MP3<\/a><\/p>\n<p class=\"texto\" align=\"justify\"><strong>Programa 4<\/strong><br \/>\n<strong>D\u00favidas capilares II<br \/>\nQuinta-feira (25\/04\/2013)<\/strong><br \/>\n<strong>Dura\u00e7\u00e3o:<\/strong> &nbsp;4min01<br \/>\n<strong>Entrevistados: <\/strong>Ana Francisca Junqueira \u2013 dermatologista e coordenadora do Ambulat\u00f3rio de Tricologia e Doen\u00e7as do Couro Cabeludo do Hospital das Cl\u00ednicas da UFMG.<br \/>\nClaudemir Aguilar \u2013 dermatologista e professor do Departamento de Cl\u00ednica M\u00e9dica da Faculdade de Medicina da UFMG.<br \/>\nVanessa Barreto \u2013 dermatologista do Ambulat\u00f3rio de Tricologia e Doen\u00e7as do Couro Cabeludo do Hospital das Cl\u00ednicas da UFMG.<\/p>\n<p><a class=\"textolinkbold\" href=\"http:\/\/ftp.medicina.ufmg.br\/radio\/programas\/2013\/barba_cabelo_e_bigode\/Saude_com_ciencia_Cabelos_Quinta.rar\">download do arquivo em MP3<\/a><\/p>\n<p class=\"texto\" align=\"justify\"><strong>Programa 5<\/strong><br \/>\n<strong>Barba<br \/>\nSexta-feira (26\/04\/2013)<\/strong><br \/>\n<strong>Dura\u00e7\u00e3o:<\/strong> 3min58<br \/>\n<strong>Entrevistada: <\/strong>Ana Francisca Junqueira \u2013 dermatologista e coordenadora do Ambulat\u00f3rio de Tricologia e Doen\u00e7as do Couro Cabeludo do Hospital das Cl\u00ednicas da UFMG.<br \/>\nVanessa Barreto \u2013 dermatologista do Ambulat\u00f3rio de Tricologia e Doen\u00e7as do Couro Cabeludo do Hospital das Cl\u00ednicas da UFMG.<\/p>\n<p><a class=\"textolinkbold\" href=\"http:\/\/ftp.medicina.ufmg.br\/radio\/programas\/2013\/barba_cabelo_e_bigode\/Saude_com_ciencia_Cabelos_Sexta.rar\">download do arquivo em MP3<\/a><\/p>\n","protected":false},"excerpt":{"rendered":"<p>De 22 a 26\/04\/2013 O cabelo tamb\u00e9m \u00e9 tema de algumas cren\u00e7as populares, afinal, ele sobrevive ao pr\u00f3prio homem. Mas existe alguma rela\u00e7\u00e3o entre o crescimento dos fios e as fases da lua, por exemplo? A resposta dessa e de outras d\u00favidas est\u00e3o no Sa\u00fade com Ci\u00eancia desta semana, que traz a s\u00e9rie \u201cBarba, Cabelo &hellip; <\/p>\n<p class=\"link-more\"><a href=\"https:\/\/www.medicina.ufmg.br\/saudecomciencia\/2013\/04\/26\/barba-cabelo-e-bigode\/\" class=\"more-link\">Continue lendo<span class=\"screen-reader-text\"> &#8220;Barba, Cabelo e Bigode&#8221;<\/span><\/a><\/p>\n","protected":false},"author":10,"featured_media":2146,"comment_status":"open","ping_status":"open","sticky":false,"template":"","format":"standard","meta":{"footnotes":""},"categories":[1],"tags":[],"class_list":["post-1166","post","type-post","status-publish","format-standard","has-post-thumbnail","hentry","category-programas"],"_links":{"self":[{"href":"https:\/\/www.medicina.ufmg.br\/saudecomciencia\/wp-json\/wp\/v2\/posts\/1166","targetHints":{"allow":["GET"]}}],"collection":[{"href":"https:\/\/www.medicina.ufmg.br\/saudecomciencia\/wp-json\/wp\/v2\/posts"}],"about":[{"href":"https:\/\/www.medicina.ufmg.br\/saudecomciencia\/wp-json\/wp\/v2\/types\/post"}],"author":[{"embeddable":true,"href":"https:\/\/www.medicina.ufmg.br\/saudecomciencia\/wp-json\/wp\/v2\/users\/10"}],"replies":[{"embeddable":true,"href":"https:\/\/www.medicina.ufmg.br\/saudecomciencia\/wp-json\/wp\/v2\/comments?post=1166"}],"version-history":[{"count":1,"href":"https:\/\/www.medicina.ufmg.br\/saudecomciencia\/wp-json\/wp\/v2\/posts\/1166\/revisions"}],"predecessor-version":[{"id":6840,"href":"https:\/\/www.medicina.ufmg.br\/saudecomciencia\/wp-json\/wp\/v2\/posts\/1166\/revisions\/6840"}],"wp:featuredmedia":[{"embeddable":true,"href":"https:\/\/www.medicina.ufmg.br\/saudecomciencia\/wp-json\/wp\/v2\/media\/2146"}],"wp:attachment":[{"href":"https:\/\/www.medicina.ufmg.br\/saudecomciencia\/wp-json\/wp\/v2\/media?parent=1166"}],"wp:term":[{"taxonomy":"category","embeddable":true,"href":"https:\/\/www.medicina.ufmg.br\/saudecomciencia\/wp-json\/wp\/v2\/categories?post=1166"},{"taxonomy":"post_tag","embeddable":true,"href":"https:\/\/www.medicina.ufmg.br\/saudecomciencia\/wp-json\/wp\/v2\/tags?post=1166"}],"curies":[{"name":"wp","href":"https:\/\/api.w.org\/{rel}","templated":true}]}}