{"id":6156,"date":"2020-02-28T18:48:26","date_gmt":"2020-02-28T18:48:26","guid":{"rendered":"https:\/\/www.medicina.ufmg.br\/radio\/?p=6156"},"modified":"2020-05-27T21:27:08","modified_gmt":"2020-05-27T21:27:08","slug":"bloca-da-saude","status":"publish","type":"post","link":"https:\/\/www.medicina.ufmg.br\/saudecomciencia\/2020\/02\/28\/bloca-da-saude\/","title":{"rendered":"Bloco da Sa\u00fade"},"content":{"rendered":"\n<figure class=\"wp-block-image size-large\"><img fetchpriority=\"high\" decoding=\"async\" width=\"1012\" height=\"230\" src=\"https:\/\/www.medicina.ufmg.br\/radio\/wp-content\/uploads\/sites\/88\/2020\/02\/Topinho-Bloco-da-sa\u00fade.png\" alt=\"\" class=\"wp-image-6160\" srcset=\"https:\/\/www.medicina.ufmg.br\/saudecomciencia\/wp-content\/uploads\/sites\/88\/2020\/02\/Topinho-Bloco-da-sa\u00fade.png 1012w, https:\/\/www.medicina.ufmg.br\/saudecomciencia\/wp-content\/uploads\/sites\/88\/2020\/02\/Topinho-Bloco-da-sa\u00fade-300x68.png 300w, https:\/\/www.medicina.ufmg.br\/saudecomciencia\/wp-content\/uploads\/sites\/88\/2020\/02\/Topinho-Bloco-da-sa\u00fade-768x175.png 768w\" sizes=\"(max-width: 706px) 89vw, (max-width: 767px) 82vw, 740px\" \/><\/figure>\n\n\n\n<p class=\"wp-block-paragraph\"><strong>Bloco da Sa\u00fade \u2013&nbsp;cuidados durante e ap\u00f3s a folia<\/strong><\/p>\n\n\n\n<p class=\"wp-block-paragraph\"><strong>&nbsp;De 24\/02 a 28\/02<\/strong><\/p>\n\n\n\n<p class=\"wp-block-paragraph\">Uso de preservativo, hidrata\u00e7\u00e3o, alimenta\u00e7\u00e3o e redu\u00e7\u00e3o de danos. O programa de r\u00e1dio Sa\u00fade com Ci\u00eancia desta semana apresenta a s\u00e9rie especial \u201cBloco da sa\u00fade &#8211; cuidados durante e ap\u00f3s a folia&#8221;. Confira dicas de especialistas sobre o que fazer em situa\u00e7\u00e3o de ass\u00e9dio no Carnaval,&nbsp;como prevenir contra infec\u00e7\u00f5es sexualmente transmiss\u00edveis (ISTs), o que fazer para reduzir os danos causados pelo \u00e1lcool e outras drogas, quais s\u00e3o os cuidados com a pele durante os dias de folia, entre outras recomenda\u00e7\u00f5es.&nbsp;<\/p>\n\n\n\n<p class=\"wp-block-paragraph\"><strong>Entrevistado(s):<\/strong><\/p>\n\n\n\n<p class=\"wp-block-paragraph\"><strong>Claudemir Aguilar&nbsp;<\/strong><strong>\u2013&nbsp;<\/strong>dermatologista e professor do Departamento de Cl\u00ednica M\u00e9dica da Faculdade de Medicina da UFMG<strong>&nbsp;<\/strong><\/p>\n\n\n\n<p class=\"wp-block-paragraph\"><strong>Dulciene Queir\u00f3z \u2013&nbsp;<\/strong>professora do Departamento de Proped\u00eautica Complementar da Faculdade de Medicina da UFMG<strong>&nbsp;<\/strong><\/p>\n\n\n\n<p class=\"wp-block-paragraph\"><strong>\u00c9rica Dumont \u2013&nbsp;<\/strong>professora da Escola de Enfermagem da UFMG<strong>&nbsp;<\/strong><\/p>\n\n\n\n<p class=\"wp-block-paragraph\"><strong>Gabriella Naz\u00e1rio \u2013&nbsp;<\/strong>psic\u00f3loga e professora do Departamento de Ginecologia e Obstetr\u00edcia da Faculdade de Medicina da UFMG<strong><\/strong><\/p>\n\n\n\n<p class=\"wp-block-paragraph\"><strong>Gisele Viana&nbsp;<\/strong><strong>\u2013&nbsp;<\/strong>dermatologista e m\u00e9dica titular da Sociedade Brasileira de Dermatologia<strong>&nbsp;<\/strong><\/p>\n\n\n\n<p class=\"wp-block-paragraph\"><strong>J\u00falia Caporali \u2013&nbsp;<\/strong>infectologista e professora do Departamento de Cl\u00ednica M\u00e9dica da UFMG<strong>&nbsp;<\/strong><\/p>\n\n\n\n<p class=\"wp-block-paragraph\"><strong>Luciana Diniz \u2013&nbsp;<\/strong>gastroenterologista e professora do Departamento de Cl\u00ednica M\u00e9dica da Faculdade de Medicina UFMG<strong>&nbsp;<\/strong><\/p>\n\n\n\n<p class=\"wp-block-paragraph\"><strong>Rafael Longhi \u2013&nbsp;<\/strong>nutricionista especializado na \u00e1rea de esporte e professor da Escola de Enfermagem da UFMG<\/p>\n\n\n<div class=\"wp-playlist wp-audio-playlist wp-playlist-light\">\n\t\t\t<div class=\"wp-playlist-current-item\"><\/div>\n\t\t<audio controls=\"controls\" preload=\"none\" width=\"503\"\n\t\t\t><\/audio>\n\t<div class=\"wp-playlist-next\"><\/div>\n\t<div class=\"wp-playlist-prev\"><\/div>\n\t<noscript>\n\t<ol>\n\t\t<li><a href='https:\/\/www.medicina.ufmg.br\/saudecomciencia\/wp-content\/uploads\/sites\/88\/2020\/02\/2020-2-24-assediohiv.mp3'>Segunda - Carnaval com respeito e sem ISTs<\/a><\/li><li><a href='https:\/\/www.medicina.ufmg.br\/saudecomciencia\/wp-content\/uploads\/sites\/88\/2020\/02\/2020-2-25-alimentoseagua.mp3'>Ter\u00e7a - Alimenta\u00e7\u00e3o e hidrata\u00e7\u00e3o durante a folia<\/a><\/li><li><a href='https:\/\/www.medicina.ufmg.br\/saudecomciencia\/wp-content\/uploads\/sites\/88\/2020\/02\/2020-2-26-alcooldrogas.mp3'>Quarta - \u00c1lcool e outras drogas<\/a><\/li><li><a href='https:\/\/www.medicina.ufmg.br\/saudecomciencia\/wp-content\/uploads\/sites\/88\/2020\/02\/2020-2-27-tiraduvidas.mp3'>Quinta - Tira-d\u00favidas: folia com mais sa\u00fade<\/a><\/li><li><a href='https:\/\/www.medicina.ufmg.br\/saudecomciencia\/wp-content\/uploads\/sites\/88\/2020\/02\/2020-2-28-poscarnaval.mp3'>Sexta - P\u00f3s-Carnaval<\/a><\/li>\t<\/ol>\n\t<\/noscript>\n\t<script type=\"application\/json\" class=\"wp-playlist-script\">{\"type\":\"audio\",\"tracklist\":true,\"tracknumbers\":true,\"images\":true,\"artists\":true,\"tracks\":[{\"src\":\"https:\/\/www.medicina.ufmg.br\/saudecomciencia\/wp-content\/uploads\/sites\/88\/2020\/02\/2020-2-24-assediohiv.mp3\",\"type\":\"audio\/mpeg\",\"title\":\"Segunda - Carnaval com respeito e sem ISTs\",\"caption\":\"\",\"description\":\"\\\"2020-2-24-assediohiv\\\". G\\u00eanero: Blues.\",\"meta\":[],\"image\":{\"src\":\"https:\/\/www.medicina.ufmg.br\/saudecomciencia\/wp-includes\/images\/media\/audio.svg\",\"width\":48,\"height\":64},\"thumb\":{\"src\":\"https:\/\/www.medicina.ufmg.br\/saudecomciencia\/wp-includes\/images\/media\/audio.svg\",\"width\":48,\"height\":64}},{\"src\":\"https:\/\/www.medicina.ufmg.br\/saudecomciencia\/wp-content\/uploads\/sites\/88\/2020\/02\/2020-2-25-alimentoseagua.mp3\",\"type\":\"audio\/mpeg\",\"title\":\"Ter\\u00e7a - Alimenta\\u00e7\\u00e3o e hidrata\\u00e7\\u00e3o durante a folia\",\"caption\":\"\",\"description\":\"\\\"2020-2-25-alimentoseagua\\\". G\\u00eanero: Blues.\",\"meta\":[],\"image\":{\"src\":\"https:\/\/www.medicina.ufmg.br\/saudecomciencia\/wp-includes\/images\/media\/audio.svg\",\"width\":48,\"height\":64},\"thumb\":{\"src\":\"https:\/\/www.medicina.ufmg.br\/saudecomciencia\/wp-includes\/images\/media\/audio.svg\",\"width\":48,\"height\":64}},{\"src\":\"https:\/\/www.medicina.ufmg.br\/saudecomciencia\/wp-content\/uploads\/sites\/88\/2020\/02\/2020-2-26-alcooldrogas.mp3\",\"type\":\"audio\/mpeg\",\"title\":\"Quarta - \\u00c1lcool e outras drogas\",\"caption\":\"\",\"description\":\"\\\"2020-2-26-alcooldrogas\\\". G\\u00eanero: Blues.\",\"meta\":[],\"image\":{\"src\":\"https:\/\/www.medicina.ufmg.br\/saudecomciencia\/wp-includes\/images\/media\/audio.svg\",\"width\":48,\"height\":64},\"thumb\":{\"src\":\"https:\/\/www.medicina.ufmg.br\/saudecomciencia\/wp-includes\/images\/media\/audio.svg\",\"width\":48,\"height\":64}},{\"src\":\"https:\/\/www.medicina.ufmg.br\/saudecomciencia\/wp-content\/uploads\/sites\/88\/2020\/02\/2020-2-27-tiraduvidas.mp3\",\"type\":\"audio\/mpeg\",\"title\":\"Quinta - Tira-d\\u00favidas: folia com mais sa\\u00fade\",\"caption\":\"\",\"description\":\"\\\"2020-2-27-tiraduvidas\\\". G\\u00eanero: Blues.\",\"meta\":[],\"image\":{\"src\":\"https:\/\/www.medicina.ufmg.br\/saudecomciencia\/wp-includes\/images\/media\/audio.svg\",\"width\":48,\"height\":64},\"thumb\":{\"src\":\"https:\/\/www.medicina.ufmg.br\/saudecomciencia\/wp-includes\/images\/media\/audio.svg\",\"width\":48,\"height\":64}},{\"src\":\"https:\/\/www.medicina.ufmg.br\/saudecomciencia\/wp-content\/uploads\/sites\/88\/2020\/02\/2020-2-28-poscarnaval.mp3\",\"type\":\"audio\/mpeg\",\"title\":\"Sexta - P\\u00f3s-Carnaval\",\"caption\":\"\",\"description\":\"\\\"2020-2-28-poscarnaval\\\". G\\u00eanero: Blues.\",\"meta\":[],\"image\":{\"src\":\"https:\/\/www.medicina.ufmg.br\/saudecomciencia\/wp-includes\/images\/media\/audio.svg\",\"width\":48,\"height\":64},\"thumb\":{\"src\":\"https:\/\/www.medicina.ufmg.br\/saudecomciencia\/wp-includes\/images\/media\/audio.svg\",\"width\":48,\"height\":64}}]}<\/script>\n<\/div>\n\t","protected":false},"excerpt":{"rendered":"<p>Bloco da Sa\u00fade \u2013&nbsp;cuidados durante e ap\u00f3s a folia &nbsp;De 24\/02 a 28\/02 Uso de preservativo, hidrata\u00e7\u00e3o, alimenta\u00e7\u00e3o e redu\u00e7\u00e3o de danos. O programa de r\u00e1dio Sa\u00fade com Ci\u00eancia desta semana apresenta a s\u00e9rie especial \u201cBloco da sa\u00fade &#8211; cuidados durante e ap\u00f3s a folia&#8221;. Confira dicas de especialistas sobre o que fazer em situa\u00e7\u00e3o &hellip; <\/p>\n<p class=\"link-more\"><a href=\"https:\/\/www.medicina.ufmg.br\/saudecomciencia\/2020\/02\/28\/bloca-da-saude\/\" class=\"more-link\">Continue lendo<span class=\"screen-reader-text\"> &#8220;Bloco da Sa\u00fade&#8221;<\/span><\/a><\/p>\n","protected":false},"author":33,"featured_media":6157,"comment_status":"open","ping_status":"open","sticky":false,"template":"","format":"standard","meta":{"footnotes":""},"categories":[1],"tags":[],"class_list":["post-6156","post","type-post","status-publish","format-standard","has-post-thumbnail","hentry","category-programas"],"_links":{"self":[{"href":"https:\/\/www.medicina.ufmg.br\/saudecomciencia\/wp-json\/wp\/v2\/posts\/6156","targetHints":{"allow":["GET"]}}],"collection":[{"href":"https:\/\/www.medicina.ufmg.br\/saudecomciencia\/wp-json\/wp\/v2\/posts"}],"about":[{"href":"https:\/\/www.medicina.ufmg.br\/saudecomciencia\/wp-json\/wp\/v2\/types\/post"}],"author":[{"embeddable":true,"href":"https:\/\/www.medicina.ufmg.br\/saudecomciencia\/wp-json\/wp\/v2\/users\/33"}],"replies":[{"embeddable":true,"href":"https:\/\/www.medicina.ufmg.br\/saudecomciencia\/wp-json\/wp\/v2\/comments?post=6156"}],"version-history":[{"count":4,"href":"https:\/\/www.medicina.ufmg.br\/saudecomciencia\/wp-json\/wp\/v2\/posts\/6156\/revisions"}],"predecessor-version":[{"id":6194,"href":"https:\/\/www.medicina.ufmg.br\/saudecomciencia\/wp-json\/wp\/v2\/posts\/6156\/revisions\/6194"}],"wp:featuredmedia":[{"embeddable":true,"href":"https:\/\/www.medicina.ufmg.br\/saudecomciencia\/wp-json\/wp\/v2\/media\/6157"}],"wp:attachment":[{"href":"https:\/\/www.medicina.ufmg.br\/saudecomciencia\/wp-json\/wp\/v2\/media?parent=6156"}],"wp:term":[{"taxonomy":"category","embeddable":true,"href":"https:\/\/www.medicina.ufmg.br\/saudecomciencia\/wp-json\/wp\/v2\/categories?post=6156"},{"taxonomy":"post_tag","embeddable":true,"href":"https:\/\/www.medicina.ufmg.br\/saudecomciencia\/wp-json\/wp\/v2\/tags?post=6156"}],"curies":[{"name":"wp","href":"https:\/\/api.w.org\/{rel}","templated":true}]}}