{"id":9964,"date":"2024-12-13T14:28:19","date_gmt":"2024-12-13T14:28:19","guid":{"rendered":"https:\/\/www.medicina.ufmg.br\/radio\/?p=9964"},"modified":"2024-12-19T15:41:05","modified_gmt":"2024-12-19T15:41:05","slug":"infarto","status":"publish","type":"post","link":"https:\/\/www.medicina.ufmg.br\/saudecomciencia\/2024\/12\/13\/infarto\/","title":{"rendered":"Infarto"},"content":{"rendered":"\n<figure class=\"wp-block-image size-large\"><img fetchpriority=\"high\" decoding=\"async\" width=\"1024\" height=\"230\" src=\"https:\/\/www.medicina.ufmg.br\/radio\/wp-content\/uploads\/sites\/88\/2024\/12\/Banner-Infarto-06-1024x230.png\" alt=\"\" class=\"wp-image-9965\" srcset=\"https:\/\/www.medicina.ufmg.br\/saudecomciencia\/wp-content\/uploads\/sites\/88\/2024\/12\/Banner-Infarto-06-1024x230.png 1024w, https:\/\/www.medicina.ufmg.br\/saudecomciencia\/wp-content\/uploads\/sites\/88\/2024\/12\/Banner-Infarto-06-300x67.png 300w, https:\/\/www.medicina.ufmg.br\/saudecomciencia\/wp-content\/uploads\/sites\/88\/2024\/12\/Banner-Infarto-06-768x173.png 768w, https:\/\/www.medicina.ufmg.br\/saudecomciencia\/wp-content\/uploads\/sites\/88\/2024\/12\/Banner-Infarto-06-1536x345.png 1536w, https:\/\/www.medicina.ufmg.br\/saudecomciencia\/wp-content\/uploads\/sites\/88\/2024\/12\/Banner-Infarto-06-2048x461.png 2048w\" sizes=\"(max-width: 706px) 89vw, (max-width: 767px) 82vw, 740px\" \/><\/figure>\n\n\n\n<p class=\"wp-block-paragraph\"><strong>16\/12 a 19\/12<\/strong><\/p>\n\n\n\n<p class=\"wp-block-paragraph\">No Brasil, estima-se que ocorram entre 300 mil e 400 mil casos de infarto por ano, com uma morte a cada sete casos. Al\u00e9m disso, \u00e9 not\u00f3rio o crescimento do n\u00famero de casos de infarto entre os jovens, um alerta de sa\u00fade p\u00fablica para esta faixa et\u00e1ria.<\/p>\n\n\n\n<p class=\"wp-block-paragraph\">No Sa\u00fade com Ci\u00eancia desta semana, iremos conversar sobre o infarto do mioc\u00e1rdio. Explicaremos as principais causas, o tratamento e como \u00e9 a recupera\u00e7\u00e3o p\u00f3s-infarto. Tamb\u00e9m iremos aprofundar a discuss\u00e3o sobre os casos em jovens adultos.<\/p>\n\n\n\n<p class=\"wp-block-paragraph\"><strong>Convidado:<\/strong><\/p>\n\n\n\n<p class=\"wp-block-paragraph\"><strong>Charles Sim\u00e3o Filho \u2013<\/strong>&nbsp;professor do Departamento de Cirurgia da Faculdade de Medicina da UFMG<\/p>\n\n\n<div class=\"wp-playlist wp-audio-playlist wp-playlist-light\">\n\t\t\t<div class=\"wp-playlist-current-item\"><\/div>\n\t\t<audio controls=\"controls\" preload=\"none\" width=\"503\"\n\t\t\t><\/audio>\n\t<div class=\"wp-playlist-next\"><\/div>\n\t<div class=\"wp-playlist-prev\"><\/div>\n\t<noscript>\n\t<ol>\n\t\t<li><a href='https:\/\/www.medicina.ufmg.br\/saudecomciencia\/wp-content\/uploads\/sites\/88\/2024\/12\/2024_12_16-Segunda-feira-O-que-e-infarto.mp3'>Segunda-feira: O que \u00e9 infarto?<\/a><\/li><li><a href='https:\/\/www.medicina.ufmg.br\/saudecomciencia\/wp-content\/uploads\/sites\/88\/2024\/12\/2024_12_17-Terca-feira-Possiveis-causas.mp3'>Ter\u00e7a-feira: Poss\u00edveis causas<\/a><\/li><li><a href='https:\/\/www.medicina.ufmg.br\/saudecomciencia\/wp-content\/uploads\/sites\/88\/2024\/12\/2024_12_18-Quarta-feira-Tratamento.mp3'>Quarta-feira: Tratamento<\/a><\/li><li><a href='https:\/\/www.medicina.ufmg.br\/saudecomciencia\/wp-content\/uploads\/sites\/88\/2024\/12\/2024_12_19-Quinta-feira-Riscos-do-infarto-em-jovens.mp3'>Quinta-feira: Riscos do infarto em jovens<\/a><\/li>\t<\/ol>\n\t<\/noscript>\n\t<script type=\"application\/json\" class=\"wp-playlist-script\">{\"type\":\"audio\",\"tracklist\":true,\"tracknumbers\":true,\"images\":true,\"artists\":true,\"tracks\":[{\"src\":\"https:\/\/www.medicina.ufmg.br\/saudecomciencia\/wp-content\/uploads\/sites\/88\/2024\/12\/2024_12_16-Segunda-feira-O-que-e-infarto.mp3\",\"type\":\"audio\/mpeg\",\"title\":\"Segunda-feira: O que \\u00e9 infarto?\",\"caption\":\"\",\"description\":\"\\\"Segunda-feira\\\". Lan\\u00e7ado: 2024. G\\u00eanero: Blues.\",\"meta\":{\"genre\":\"Blues\",\"year\":\"2024\",\"length_formatted\":\"6:01\"},\"image\":{\"src\":\"https:\/\/www.medicina.ufmg.br\/saudecomciencia\/wp-includes\/images\/media\/audio.svg\",\"width\":48,\"height\":64},\"thumb\":{\"src\":\"https:\/\/www.medicina.ufmg.br\/saudecomciencia\/wp-includes\/images\/media\/audio.svg\",\"width\":48,\"height\":64}},{\"src\":\"https:\/\/www.medicina.ufmg.br\/saudecomciencia\/wp-content\/uploads\/sites\/88\/2024\/12\/2024_12_17-Terca-feira-Possiveis-causas.mp3\",\"type\":\"audio\/mpeg\",\"title\":\"Ter\\u00e7a-feira: Poss\\u00edveis causas\",\"caption\":\"\",\"description\":\"\\\"Ter\\u00e7a-feira\\\". Lan\\u00e7ado: 2024. G\\u00eanero: Blues.\",\"meta\":{\"genre\":\"Blues\",\"year\":\"2024\",\"length_formatted\":\"5:06\"},\"image\":{\"src\":\"https:\/\/www.medicina.ufmg.br\/saudecomciencia\/wp-includes\/images\/media\/audio.svg\",\"width\":48,\"height\":64},\"thumb\":{\"src\":\"https:\/\/www.medicina.ufmg.br\/saudecomciencia\/wp-includes\/images\/media\/audio.svg\",\"width\":48,\"height\":64}},{\"src\":\"https:\/\/www.medicina.ufmg.br\/saudecomciencia\/wp-content\/uploads\/sites\/88\/2024\/12\/2024_12_18-Quarta-feira-Tratamento.mp3\",\"type\":\"audio\/mpeg\",\"title\":\"Quarta-feira: Tratamento\",\"caption\":\"\",\"description\":\"\\\"Ter\\u00e7a-feira\\\". Lan\\u00e7ado: 2024. G\\u00eanero: Blues.\",\"meta\":{\"genre\":\"Blues\",\"year\":\"2024\",\"length_formatted\":\"6:06\"},\"image\":{\"src\":\"https:\/\/www.medicina.ufmg.br\/saudecomciencia\/wp-includes\/images\/media\/audio.svg\",\"width\":48,\"height\":64},\"thumb\":{\"src\":\"https:\/\/www.medicina.ufmg.br\/saudecomciencia\/wp-includes\/images\/media\/audio.svg\",\"width\":48,\"height\":64}},{\"src\":\"https:\/\/www.medicina.ufmg.br\/saudecomciencia\/wp-content\/uploads\/sites\/88\/2024\/12\/2024_12_19-Quinta-feira-Riscos-do-infarto-em-jovens.mp3\",\"type\":\"audio\/mpeg\",\"title\":\"Quinta-feira: Riscos do infarto em jovens\",\"caption\":\"\",\"description\":\"\\\"Quinta-feira\\\". Lan\\u00e7ado: 2024. G\\u00eanero: Blues.\",\"meta\":{\"genre\":\"Blues\",\"year\":\"2024\",\"length_formatted\":\"6:56\"},\"image\":{\"src\":\"https:\/\/www.medicina.ufmg.br\/saudecomciencia\/wp-includes\/images\/media\/audio.svg\",\"width\":48,\"height\":64},\"thumb\":{\"src\":\"https:\/\/www.medicina.ufmg.br\/saudecomciencia\/wp-includes\/images\/media\/audio.svg\",\"width\":48,\"height\":64}}]}<\/script>\n<\/div>\n\t","protected":false},"excerpt":{"rendered":"<p>16\/12 a 19\/12 No Brasil, estima-se que ocorram entre 300 mil e 400 mil casos de infarto por ano, com uma morte a cada sete casos. Al\u00e9m disso, \u00e9 not\u00f3rio o crescimento do n\u00famero de casos de infarto entre os jovens, um alerta de sa\u00fade p\u00fablica para esta faixa et\u00e1ria. No Sa\u00fade com Ci\u00eancia desta &hellip; <\/p>\n<p class=\"link-more\"><a href=\"https:\/\/www.medicina.ufmg.br\/saudecomciencia\/2024\/12\/13\/infarto\/\" class=\"more-link\">Continue lendo<span class=\"screen-reader-text\"> &#8220;Infarto&#8221;<\/span><\/a><\/p>\n","protected":false},"author":112,"featured_media":9971,"comment_status":"closed","ping_status":"closed","sticky":false,"template":"","format":"standard","meta":{"footnotes":""},"categories":[1],"tags":[481,557],"class_list":["post-9964","post","type-post","status-publish","format-standard","has-post-thumbnail","hentry","category-programas","tag-cardiologia","tag-infarto-do-miocardio"],"_links":{"self":[{"href":"https:\/\/www.medicina.ufmg.br\/saudecomciencia\/wp-json\/wp\/v2\/posts\/9964","targetHints":{"allow":["GET"]}}],"collection":[{"href":"https:\/\/www.medicina.ufmg.br\/saudecomciencia\/wp-json\/wp\/v2\/posts"}],"about":[{"href":"https:\/\/www.medicina.ufmg.br\/saudecomciencia\/wp-json\/wp\/v2\/types\/post"}],"author":[{"embeddable":true,"href":"https:\/\/www.medicina.ufmg.br\/saudecomciencia\/wp-json\/wp\/v2\/users\/112"}],"replies":[{"embeddable":true,"href":"https:\/\/www.medicina.ufmg.br\/saudecomciencia\/wp-json\/wp\/v2\/comments?post=9964"}],"version-history":[{"count":3,"href":"https:\/\/www.medicina.ufmg.br\/saudecomciencia\/wp-json\/wp\/v2\/posts\/9964\/revisions"}],"predecessor-version":[{"id":9976,"href":"https:\/\/www.medicina.ufmg.br\/saudecomciencia\/wp-json\/wp\/v2\/posts\/9964\/revisions\/9976"}],"wp:featuredmedia":[{"embeddable":true,"href":"https:\/\/www.medicina.ufmg.br\/saudecomciencia\/wp-json\/wp\/v2\/media\/9971"}],"wp:attachment":[{"href":"https:\/\/www.medicina.ufmg.br\/saudecomciencia\/wp-json\/wp\/v2\/media?parent=9964"}],"wp:term":[{"taxonomy":"category","embeddable":true,"href":"https:\/\/www.medicina.ufmg.br\/saudecomciencia\/wp-json\/wp\/v2\/categories?post=9964"},{"taxonomy":"post_tag","embeddable":true,"href":"https:\/\/www.medicina.ufmg.br\/saudecomciencia\/wp-json\/wp\/v2\/tags?post=9964"}],"curies":[{"name":"wp","href":"https:\/\/api.w.org\/{rel}","templated":true}]}}