{"id":9977,"date":"2024-12-20T13:54:42","date_gmt":"2024-12-20T13:54:42","guid":{"rendered":"https:\/\/www.medicina.ufmg.br\/radio\/?p=9977"},"modified":"2024-12-20T16:23:56","modified_gmt":"2024-12-20T16:23:56","slug":"caxumba","status":"publish","type":"post","link":"https:\/\/www.medicina.ufmg.br\/saudecomciencia\/2024\/12\/20\/caxumba\/","title":{"rendered":"Caxumba"},"content":{"rendered":"\n<figure class=\"wp-block-image size-large\"><img fetchpriority=\"high\" decoding=\"async\" width=\"1024\" height=\"230\" src=\"https:\/\/www.medicina.ufmg.br\/radio\/wp-content\/uploads\/sites\/88\/2024\/12\/Banner-Caxumba-06-1024x230.png\" alt=\"\" class=\"wp-image-9978\" srcset=\"https:\/\/www.medicina.ufmg.br\/saudecomciencia\/wp-content\/uploads\/sites\/88\/2024\/12\/Banner-Caxumba-06-1024x230.png 1024w, https:\/\/www.medicina.ufmg.br\/saudecomciencia\/wp-content\/uploads\/sites\/88\/2024\/12\/Banner-Caxumba-06-300x67.png 300w, https:\/\/www.medicina.ufmg.br\/saudecomciencia\/wp-content\/uploads\/sites\/88\/2024\/12\/Banner-Caxumba-06-768x173.png 768w, https:\/\/www.medicina.ufmg.br\/saudecomciencia\/wp-content\/uploads\/sites\/88\/2024\/12\/Banner-Caxumba-06-1536x345.png 1536w, https:\/\/www.medicina.ufmg.br\/saudecomciencia\/wp-content\/uploads\/sites\/88\/2024\/12\/Banner-Caxumba-06-2048x461.png 2048w\" sizes=\"(max-width: 706px) 89vw, (max-width: 767px) 82vw, 740px\" \/><\/figure>\n\n\n\n<p class=\"wp-block-paragraph\"><strong>23\/12 a 26\/12<\/strong><\/p>\n\n\n\n<p class=\"wp-block-paragraph\">A caxumba, tamb\u00e9m conhecida como papeira ou parotidite, \u00e9 uma doen\u00e7a infecciosa viral altamente contagiosa, causada pelo Paramyxovirus. A contamina\u00e7\u00e3o se d\u00e1 por meio do contato direto com got\u00edculas de saliva ou perdigotos de pessoas infectadas.Voc\u00ea provavelmente j\u00e1 ouviu algu\u00e9m dizer que a caxumba pode descer. Mas sabe o que isso quer dizer?<\/p>\n\n\n\n<p class=\"wp-block-paragraph\">No Sa\u00fade com Ci\u00eancia desta semana, vamos conversar sobre a caxumba. Iremos discutir como se d\u00e1 o cont\u00e1gio, os sintomas e as formas de diagn\u00f3stico. Explicaremos tamb\u00e9m os casos graves e raros da doen\u00e7a, a vacina\u00e7\u00e3o e outras formas de preven\u00e7\u00e3o, al\u00e9m de entender como \u00e9 feito o tratamento.<\/p>\n\n\n\n<p class=\"wp-block-paragraph\"><strong>Convidada: <\/strong><\/p>\n\n\n\n<p class=\"wp-block-paragraph\"><strong>Lilian Martins Oliveira Diniz \u2013<\/strong>&nbsp;professora do Departamento de Pediatria da Faculdade de Medicina da UFMG<\/p>\n\n\n<div class=\"wp-playlist wp-audio-playlist wp-playlist-light\">\n\t\t\t<div class=\"wp-playlist-current-item\"><\/div>\n\t\t<audio controls=\"controls\" preload=\"none\" width=\"503\"\n\t\t\t><\/audio>\n\t<div class=\"wp-playlist-next\"><\/div>\n\t<div class=\"wp-playlist-prev\"><\/div>\n\t<noscript>\n\t<ol>\n\t\t<li><a href='https:\/\/www.medicina.ufmg.br\/saudecomciencia\/wp-content\/uploads\/sites\/88\/2024\/12\/2024_12_23-Segunda-feira-Contagio.mp3'>Segunda-feira: Cont\u00e1gio<\/a><\/li><li><a href='https:\/\/www.medicina.ufmg.br\/saudecomciencia\/wp-content\/uploads\/sites\/88\/2024\/12\/2024_12_24-Terca-feira-Caxumba-desce-mesmo.mp3'>Ter\u00e7a-feira: Caxumba \"desce\" mesmo?<\/a><\/li><li><a href='https:\/\/www.medicina.ufmg.br\/saudecomciencia\/wp-content\/uploads\/sites\/88\/2024\/12\/2024_12_25-Quarta-feira-Vacinacao-e-prevencao.mp3'>Quarta-feira: Vacina\u00e7\u00e3o e preven\u00e7\u00e3o<\/a><\/li><li><a href='https:\/\/www.medicina.ufmg.br\/saudecomciencia\/wp-content\/uploads\/sites\/88\/2024\/12\/2024_12_26-Quinta-feira-Caxumba-e-tratavel.mp3'>Quinta-feira: Caxumba \u00e9 trat\u00e1vel?<\/a><\/li>\t<\/ol>\n\t<\/noscript>\n\t<script type=\"application\/json\" class=\"wp-playlist-script\">{\"type\":\"audio\",\"tracklist\":true,\"tracknumbers\":true,\"images\":true,\"artists\":true,\"tracks\":[{\"src\":\"https:\/\/www.medicina.ufmg.br\/saudecomciencia\/wp-content\/uploads\/sites\/88\/2024\/12\/2024_12_23-Segunda-feira-Contagio.mp3\",\"type\":\"audio\/mpeg\",\"title\":\"Segunda-feira: Cont\\u00e1gio\",\"caption\":\"\",\"description\":\"\\\"Segunda-feira\\\". Lan\\u00e7ado: 2024. G\\u00eanero: Blues.\",\"meta\":{\"genre\":\"Blues\",\"year\":\"2024\",\"length_formatted\":\"3:48\"},\"image\":{\"src\":\"https:\/\/www.medicina.ufmg.br\/saudecomciencia\/wp-includes\/images\/media\/audio.svg\",\"width\":48,\"height\":64},\"thumb\":{\"src\":\"https:\/\/www.medicina.ufmg.br\/saudecomciencia\/wp-includes\/images\/media\/audio.svg\",\"width\":48,\"height\":64}},{\"src\":\"https:\/\/www.medicina.ufmg.br\/saudecomciencia\/wp-content\/uploads\/sites\/88\/2024\/12\/2024_12_24-Terca-feira-Caxumba-desce-mesmo.mp3\",\"type\":\"audio\/mpeg\",\"title\":\"Ter\\u00e7a-feira: Caxumba \\\"desce\\\" mesmo?\",\"caption\":\"\",\"description\":\"\\\"Ter\\u00e7a-feira\\\". Lan\\u00e7ado: 2024. G\\u00eanero: Blues.\",\"meta\":{\"genre\":\"Blues\",\"year\":\"2024\",\"length_formatted\":\"4:12\"},\"image\":{\"src\":\"https:\/\/www.medicina.ufmg.br\/saudecomciencia\/wp-includes\/images\/media\/audio.svg\",\"width\":48,\"height\":64},\"thumb\":{\"src\":\"https:\/\/www.medicina.ufmg.br\/saudecomciencia\/wp-includes\/images\/media\/audio.svg\",\"width\":48,\"height\":64}},{\"src\":\"https:\/\/www.medicina.ufmg.br\/saudecomciencia\/wp-content\/uploads\/sites\/88\/2024\/12\/2024_12_25-Quarta-feira-Vacinacao-e-prevencao.mp3\",\"type\":\"audio\/mpeg\",\"title\":\"Quarta-feira: Vacina\\u00e7\\u00e3o e preven\\u00e7\\u00e3o\",\"caption\":\"\",\"description\":\"\\\"Quarta-feira\\\". Lan\\u00e7ado: 2024. G\\u00eanero: Blues.\",\"meta\":{\"genre\":\"Blues\",\"year\":\"2024\",\"length_formatted\":\"3:10\"},\"image\":{\"src\":\"https:\/\/www.medicina.ufmg.br\/saudecomciencia\/wp-includes\/images\/media\/audio.svg\",\"width\":48,\"height\":64},\"thumb\":{\"src\":\"https:\/\/www.medicina.ufmg.br\/saudecomciencia\/wp-includes\/images\/media\/audio.svg\",\"width\":48,\"height\":64}},{\"src\":\"https:\/\/www.medicina.ufmg.br\/saudecomciencia\/wp-content\/uploads\/sites\/88\/2024\/12\/2024_12_26-Quinta-feira-Caxumba-e-tratavel.mp3\",\"type\":\"audio\/mpeg\",\"title\":\"Quinta-feira: Caxumba \\u00e9 trat\\u00e1vel?\",\"caption\":\"\",\"description\":\"\\\"Quinta-feira\\\". Lan\\u00e7ado: 2024. G\\u00eanero: Blues.\",\"meta\":{\"genre\":\"Blues\",\"year\":\"2024\",\"length_formatted\":\"3:27\"},\"image\":{\"src\":\"https:\/\/www.medicina.ufmg.br\/saudecomciencia\/wp-includes\/images\/media\/audio.svg\",\"width\":48,\"height\":64},\"thumb\":{\"src\":\"https:\/\/www.medicina.ufmg.br\/saudecomciencia\/wp-includes\/images\/media\/audio.svg\",\"width\":48,\"height\":64}}]}<\/script>\n<\/div>\n\t","protected":false},"excerpt":{"rendered":"<p>23\/12 a 26\/12 A caxumba, tamb\u00e9m conhecida como papeira ou parotidite, \u00e9 uma doen\u00e7a infecciosa viral altamente contagiosa, causada pelo Paramyxovirus. A contamina\u00e7\u00e3o se d\u00e1 por meio do contato direto com got\u00edculas de saliva ou perdigotos de pessoas infectadas.Voc\u00ea provavelmente j\u00e1 ouviu algu\u00e9m dizer que a caxumba pode descer. Mas sabe o que isso quer &hellip; <\/p>\n<p class=\"link-more\"><a href=\"https:\/\/www.medicina.ufmg.br\/saudecomciencia\/2024\/12\/20\/caxumba\/\" class=\"more-link\">Continue lendo<span class=\"screen-reader-text\"> &#8220;Caxumba&#8221;<\/span><\/a><\/p>\n","protected":false},"author":112,"featured_media":9983,"comment_status":"open","ping_status":"open","sticky":false,"template":"","format":"standard","meta":{"footnotes":""},"categories":[1],"tags":[558,485,434,234],"class_list":["post-9977","post","type-post","status-publish","format-standard","has-post-thumbnail","hentry","category-programas","tag-caxumba","tag-infectologia","tag-pediatria","tag-vacinacao"],"_links":{"self":[{"href":"https:\/\/www.medicina.ufmg.br\/saudecomciencia\/wp-json\/wp\/v2\/posts\/9977","targetHints":{"allow":["GET"]}}],"collection":[{"href":"https:\/\/www.medicina.ufmg.br\/saudecomciencia\/wp-json\/wp\/v2\/posts"}],"about":[{"href":"https:\/\/www.medicina.ufmg.br\/saudecomciencia\/wp-json\/wp\/v2\/types\/post"}],"author":[{"embeddable":true,"href":"https:\/\/www.medicina.ufmg.br\/saudecomciencia\/wp-json\/wp\/v2\/users\/112"}],"replies":[{"embeddable":true,"href":"https:\/\/www.medicina.ufmg.br\/saudecomciencia\/wp-json\/wp\/v2\/comments?post=9977"}],"version-history":[{"count":2,"href":"https:\/\/www.medicina.ufmg.br\/saudecomciencia\/wp-json\/wp\/v2\/posts\/9977\/revisions"}],"predecessor-version":[{"id":9985,"href":"https:\/\/www.medicina.ufmg.br\/saudecomciencia\/wp-json\/wp\/v2\/posts\/9977\/revisions\/9985"}],"wp:featuredmedia":[{"embeddable":true,"href":"https:\/\/www.medicina.ufmg.br\/saudecomciencia\/wp-json\/wp\/v2\/media\/9983"}],"wp:attachment":[{"href":"https:\/\/www.medicina.ufmg.br\/saudecomciencia\/wp-json\/wp\/v2\/media?parent=9977"}],"wp:term":[{"taxonomy":"category","embeddable":true,"href":"https:\/\/www.medicina.ufmg.br\/saudecomciencia\/wp-json\/wp\/v2\/categories?post=9977"},{"taxonomy":"post_tag","embeddable":true,"href":"https:\/\/www.medicina.ufmg.br\/saudecomciencia\/wp-json\/wp\/v2\/tags?post=9977"}],"curies":[{"name":"wp","href":"https:\/\/api.w.org\/{rel}","templated":true}]}}