{"id":3136,"date":"2024-04-16T15:31:04","date_gmt":"2024-04-16T18:31:04","guid":{"rendered":"https:\/\/www.medicina.ufmg.br\/sismid\/?p=3136"},"modified":"2024-04-19T11:10:53","modified_gmt":"2024-04-19T14:10:53","slug":"proerd-programa-educacional-de-resistencia-as-drogas","status":"publish","type":"post","link":"https:\/\/www.medicina.ufmg.br\/sismid\/2024\/04\/16\/proerd-programa-educacional-de-resistencia-as-drogas\/","title":{"rendered":"PROERD &#8211; Programa Educacional de Resist\u00eancia \u00e0s Drogas"},"content":{"rendered":"\n<p class=\"wp-block-paragraph\">O Programa Educacional de Resist\u00eancia \u00e0s Drogas (Proerd) consiste num esfor\u00e7o cooperativo estabelecido entre a Pol\u00edcia Militar, a Escola e a Fam\u00edlia, tendo como miss\u00e3o e vis\u00e3o:<\/p>\n\n\n\n<p class=\"wp-block-paragraph\">Miss\u00e3o: ensinar aos estudantes habilidades para tomada de boas decis\u00f5es, para ajud\u00e1-los a conduzir suas vidas de maneira segura e saud\u00e1vel.<\/p>\n\n\n\n<p class=\"wp-block-paragraph\">Vis\u00e3o: construir um mundo no qual os jovens de todos os lugares estejam capacitados para respeitar os outros e para escolherem conduzir suas vidas livre do abuso de drogas, da viol\u00eancia e de outros comportamentos perigosos.<\/p>\n\n\n\n<p class=\"wp-block-paragraph\">Os objetivos espec\u00edficos do programa incluem:&nbsp;<\/p>\n\n\n\n<p class=\"wp-block-paragraph\">Desenvolver nos jovens estudantes habilidades que lhes permitam evitar influ\u00eancias negativas em quest\u00f5es afetas \u00e0s drogas e viol\u00eancia, promovendo os fatores de prote\u00e7\u00e3o.<\/p>\n\n\n\n<p class=\"wp-block-paragraph\">Estabelecer rela\u00e7\u00f5es positivas entre alunos e policiais militares, professores, pais, respons\u00e1veis legais e outros l\u00edderes da comunidade escolar.<\/p>\n\n\n\n<p class=\"wp-block-paragraph\">Permitir aos estudantes enxergarem os policiais militares como servidores, transcendendo a atividade de policiamento tradicional e estabelecendo um relacionamento fundamentado na confian\u00e7a e humaniza\u00e7\u00e3o.<\/p>\n\n\n\n<p class=\"wp-block-paragraph\">Estabelecer uma linha de comunica\u00e7\u00e3o entre a Pol\u00edcia Militar e os jovens estudantes.<\/p>\n\n\n\n<p class=\"wp-block-paragraph\">Abrir um di\u00e1logo permanente entre a &#8220;Escola, a Pol\u00edcia Militar e a Fam\u00edlia&#8221;, para discutir quest\u00f5es correlatas \u00e0 forma\u00e7\u00e3o cidad\u00e3 de crian\u00e7as e adolescentes.<\/p>\n\n\n\n<div class=\"wp-block-buttons is-content-justification-center is-layout-flex wp-container-core-buttons-is-layout-fe48e5de wp-block-buttons-is-layout-flex\">\n<div class=\"wp-block-button\"><a class=\"wp-block-button__link has-white-color has-text-color has-background has-link-color wp-element-button\" href=\"https:\/\/policiamilitar.mg.gov.br\/site\/proerd\/item\/1561\/url\" style=\"background-color:#1a5491\">Acessar<\/a><\/div>\n<\/div>\n","protected":false},"excerpt":{"rendered":"<p>O Programa Educacional de Resist\u00eancia \u00e0s Drogas (Proerd) consiste num esfor\u00e7o cooperativo estabelecido entre a Pol\u00edcia Militar, a Escola e a Fam\u00edlia, tendo como miss\u00e3o e vis\u00e3o: Miss\u00e3o: ensinar aos estudantes habilidades para tomada de boas decis\u00f5es, para ajud\u00e1-los a conduzir suas vidas de maneira segura e saud\u00e1vel. Vis\u00e3o: construir um mundo no qual os [&hellip;]<\/p>\n","protected":false},"author":111,"featured_media":0,"comment_status":"closed","ping_status":"","sticky":false,"template":"","format":"standard","meta":{"footnotes":""},"categories":[416],"tags":[274,275,273,86,272],"class_list":["post-3136","post","type-post","status-publish","format-standard","hentry","category-servicos-publicos","tag-educacao","tag-escolas","tag-pm","tag-policia-militar","tag-proerd","entry"],"_links":{"self":[{"href":"https:\/\/www.medicina.ufmg.br\/sismid\/wp-json\/wp\/v2\/posts\/3136","targetHints":{"allow":["GET"]}}],"collection":[{"href":"https:\/\/www.medicina.ufmg.br\/sismid\/wp-json\/wp\/v2\/posts"}],"about":[{"href":"https:\/\/www.medicina.ufmg.br\/sismid\/wp-json\/wp\/v2\/types\/post"}],"author":[{"embeddable":true,"href":"https:\/\/www.medicina.ufmg.br\/sismid\/wp-json\/wp\/v2\/users\/111"}],"replies":[{"embeddable":true,"href":"https:\/\/www.medicina.ufmg.br\/sismid\/wp-json\/wp\/v2\/comments?post=3136"}],"version-history":[{"count":1,"href":"https:\/\/www.medicina.ufmg.br\/sismid\/wp-json\/wp\/v2\/posts\/3136\/revisions"}],"predecessor-version":[{"id":3137,"href":"https:\/\/www.medicina.ufmg.br\/sismid\/wp-json\/wp\/v2\/posts\/3136\/revisions\/3137"}],"wp:attachment":[{"href":"https:\/\/www.medicina.ufmg.br\/sismid\/wp-json\/wp\/v2\/media?parent=3136"}],"wp:term":[{"taxonomy":"category","embeddable":true,"href":"https:\/\/www.medicina.ufmg.br\/sismid\/wp-json\/wp\/v2\/categories?post=3136"},{"taxonomy":"post_tag","embeddable":true,"href":"https:\/\/www.medicina.ufmg.br\/sismid\/wp-json\/wp\/v2\/tags?post=3136"}],"curies":[{"name":"wp","href":"https:\/\/api.w.org\/{rel}","templated":true}]}}