{"id":3353,"date":"2024-05-22T09:44:14","date_gmt":"2024-05-22T12:44:14","guid":{"rendered":"https:\/\/www.medicina.ufmg.br\/sismid\/?p=3353"},"modified":"2024-06-04T11:33:16","modified_gmt":"2024-06-04T14:33:16","slug":"avancos-inovacoes-nas-politicas-de-saude-mental-alcool-e-de-drogas-no-brasil","status":"publish","type":"post","link":"https:\/\/www.medicina.ufmg.br\/sismid\/2024\/05\/22\/avancos-inovacoes-nas-politicas-de-saude-mental-alcool-e-de-drogas-no-brasil\/","title":{"rendered":"Avan\u00e7os &amp; inova\u00e7\u00f5es nas pol\u00edticas de sa\u00fade mental, \u00e1lcool e de drogas no Brasil"},"content":{"rendered":"<div class=\"wp-block-image\">\n<figure class=\"aligncenter size-full\"><a href=\"https:\/\/www.medicina.ufmg.br\/sismid\/wp-content\/uploads\/sites\/107\/2024\/05\/AvanoseInovaesnasPolticasdeSadeMentallcooledeDrogasnoBrasilConflitodecodificaoUnicode1.pdf\"><img fetchpriority=\"high\" decoding=\"async\" width=\"525\" height=\"665\" src=\"https:\/\/www.medicina.ufmg.br\/sismid\/wp-content\/uploads\/sites\/107\/2024\/06\/image-7.png\" alt=\"\" class=\"wp-image-3395\" srcset=\"https:\/\/www.medicina.ufmg.br\/sismid\/wp-content\/uploads\/sites\/107\/2024\/06\/image-7.png 525w, https:\/\/www.medicina.ufmg.br\/sismid\/wp-content\/uploads\/sites\/107\/2024\/06\/image-7-237x300.png 237w\" sizes=\"(max-width: 525px) 100vw, 525px\" \/><\/a><\/figure><\/div>\n\n\n<p>&#8220;Todo poder emana do povo, que o exerce por meio de representantes eleitos ou diretamente, nos termos desta constitui\u00e7\u00e3o\u201d, enuncia o par\u00e1grafo \u00fanico, do artigo primeiro da Constitui\u00e7\u00e3o Federal Brasileira (BRASIL, 1988). \u00c9 alinhado a este preceito constitucional que todas as pol\u00edticas p\u00fablicas s\u00e3o produzidas, aprimoradas e atualizadas no Brasil. N\u00e3o seria diferente com a Pol\u00edtica Nacional de Sa\u00fade Mental, \u00c1lcool e outras Drogas, que foi produzida e vem sendo aprimorada de forma superar suas limita\u00e7\u00f5es, se adequar \u00e0 realidade e \u00e0s necessidades do momento hist\u00f3rico e social.<br><br>Foi esta necessidade, que levou grupos sociais de pacientes e seus familiares, de representantes dos profissionais de sa\u00fade mental, e das institui\u00e7\u00f5es comprometidas com esta pol\u00edtica a discutir e constantemente rediscutir esta importante pol\u00edtica p\u00fablica. Foi a partir destas discuss\u00f5es, que a cada vers\u00e3o, a Pol\u00edtica Nacional de Sa\u00fade Mental, \u00c1lcool e outras Drogas tomou uma roupagem que atenda melhor a atual realidade e necessidade nacional de sa\u00fade mental.<\/p>\n\n\n\n<div class=\"wp-block-buttons is-content-justification-center is-layout-flex wp-container-core-buttons-is-layout-1 wp-block-buttons-is-layout-flex\">\n<div class=\"wp-block-button\"><a class=\"wp-block-button__link has-white-color has-text-color has-background has-link-color wp-element-button\" href=\"https:\/\/www.medicina.ufmg.br\/sismid\/wp-content\/uploads\/sites\/107\/2024\/05\/AvanoseInovaesnasPolticasdeSadeMentallcooledeDrogasnoBrasilConflitodecodificaoUnicode1.pdf\" style=\"background-color:#1a5491\">Acessar<\/a><\/div>\n<\/div>\n","protected":false},"excerpt":{"rendered":"<p>&#8220;Todo poder emana do povo, que o exerce por meio de representantes eleitos ou diretamente, nos termos desta constitui\u00e7\u00e3o\u201d, enuncia o par\u00e1grafo \u00fanico, do artigo primeiro da Constitui\u00e7\u00e3o Federal Brasileira (BRASIL, 1988). \u00c9 alinhado a este preceito constitucional que todas as pol\u00edticas p\u00fablicas s\u00e3o produzidas, aprimoradas e atualizadas no Brasil. N\u00e3o seria diferente com a [&hellip;]<\/p>\n","protected":false},"author":111,"featured_media":0,"comment_status":"closed","ping_status":"","sticky":false,"template":"","format":"standard","meta":{"ocean_post_layout":"","ocean_both_sidebars_style":"","ocean_both_sidebars_content_width":0,"ocean_both_sidebars_sidebars_width":0,"ocean_sidebar":"","ocean_second_sidebar":"","ocean_disable_margins":"enable","ocean_add_body_class":"","ocean_shortcode_before_top_bar":"","ocean_shortcode_after_top_bar":"","ocean_shortcode_before_header":"","ocean_shortcode_after_header":"","ocean_has_shortcode":"","ocean_shortcode_after_title":"","ocean_shortcode_before_footer_widgets":"","ocean_shortcode_after_footer_widgets":"","ocean_shortcode_before_footer_bottom":"","ocean_shortcode_after_footer_bottom":"","ocean_display_top_bar":"default","ocean_display_header":"default","ocean_header_style":"","ocean_center_header_left_menu":"","ocean_custom_header_template":"","ocean_custom_logo":0,"ocean_custom_retina_logo":0,"ocean_custom_logo_max_width":0,"ocean_custom_logo_tablet_max_width":0,"ocean_custom_logo_mobile_max_width":0,"ocean_custom_logo_max_height":0,"ocean_custom_logo_tablet_max_height":0,"ocean_custom_logo_mobile_max_height":0,"ocean_header_custom_menu":"","ocean_menu_typo_font_family":"","ocean_menu_typo_font_subset":"","ocean_menu_typo_font_size":0,"ocean_menu_typo_font_size_tablet":0,"ocean_menu_typo_font_size_mobile":0,"ocean_menu_typo_font_size_unit":"px","ocean_menu_typo_font_weight":"","ocean_menu_typo_font_weight_tablet":"","ocean_menu_typo_font_weight_mobile":"","ocean_menu_typo_transform":"","ocean_menu_typo_transform_tablet":"","ocean_menu_typo_transform_mobile":"","ocean_menu_typo_line_height":0,"ocean_menu_typo_line_height_tablet":0,"ocean_menu_typo_line_height_mobile":0,"ocean_menu_typo_line_height_unit":"","ocean_menu_typo_spacing":0,"ocean_menu_typo_spacing_tablet":0,"ocean_menu_typo_spacing_mobile":0,"ocean_menu_typo_spacing_unit":"","ocean_menu_link_color":"","ocean_menu_link_color_hover":"","ocean_menu_link_color_active":"","ocean_menu_link_background":"","ocean_menu_link_hover_background":"","ocean_menu_link_active_background":"","ocean_menu_social_links_bg":"","ocean_menu_social_hover_links_bg":"","ocean_menu_social_links_color":"","ocean_menu_social_hover_links_color":"","ocean_disable_title":"default","ocean_disable_heading":"default","ocean_post_title":"","ocean_post_subheading":"","ocean_post_title_style":"","ocean_post_title_background_color":"","ocean_post_title_background":0,"ocean_post_title_bg_image_position":"","ocean_post_title_bg_image_attachment":"","ocean_post_title_bg_image_repeat":"","ocean_post_title_bg_image_size":"","ocean_post_title_height":0,"ocean_post_title_bg_overlay":0.5,"ocean_post_title_bg_overlay_color":"","ocean_disable_breadcrumbs":"default","ocean_breadcrumbs_color":"","ocean_breadcrumbs_separator_color":"","ocean_breadcrumbs_links_color":"","ocean_breadcrumbs_links_hover_color":"","ocean_display_footer_widgets":"default","ocean_display_footer_bottom":"default","ocean_custom_footer_template":"","ocean_post_oembed":"","ocean_post_self_hosted_media":"","ocean_post_video_embed":"","ocean_link_format":"","ocean_link_format_target":"self","ocean_quote_format":"","ocean_quote_format_link":"post","ocean_gallery_link_images":"on","ocean_gallery_id":[],"footnotes":""},"categories":[455],"tags":[108,464,456,95,465,463,186],"class_list":["post-3353","post","type-post","status-publish","format-standard","hentry","category-biblioteca","tag-alcool-2","tag-avancos","tag-cartilha","tag-drogas","tag-inovacoes","tag-politicas","tag-saude-mental","entry"],"_links":{"self":[{"href":"https:\/\/www.medicina.ufmg.br\/sismid\/wp-json\/wp\/v2\/posts\/3353","targetHints":{"allow":["GET"]}}],"collection":[{"href":"https:\/\/www.medicina.ufmg.br\/sismid\/wp-json\/wp\/v2\/posts"}],"about":[{"href":"https:\/\/www.medicina.ufmg.br\/sismid\/wp-json\/wp\/v2\/types\/post"}],"author":[{"embeddable":true,"href":"https:\/\/www.medicina.ufmg.br\/sismid\/wp-json\/wp\/v2\/users\/111"}],"replies":[{"embeddable":true,"href":"https:\/\/www.medicina.ufmg.br\/sismid\/wp-json\/wp\/v2\/comments?post=3353"}],"version-history":[{"count":3,"href":"https:\/\/www.medicina.ufmg.br\/sismid\/wp-json\/wp\/v2\/posts\/3353\/revisions"}],"predecessor-version":[{"id":3397,"href":"https:\/\/www.medicina.ufmg.br\/sismid\/wp-json\/wp\/v2\/posts\/3353\/revisions\/3397"}],"wp:attachment":[{"href":"https:\/\/www.medicina.ufmg.br\/sismid\/wp-json\/wp\/v2\/media?parent=3353"}],"wp:term":[{"taxonomy":"category","embeddable":true,"href":"https:\/\/www.medicina.ufmg.br\/sismid\/wp-json\/wp\/v2\/categories?post=3353"},{"taxonomy":"post_tag","embeddable":true,"href":"https:\/\/www.medicina.ufmg.br\/sismid\/wp-json\/wp\/v2\/tags?post=3353"}],"curies":[{"name":"wp","href":"https:\/\/api.w.org\/{rel}","templated":true}]}}