{"id":3468,"date":"2024-07-14T20:59:07","date_gmt":"2024-07-14T23:59:07","guid":{"rendered":"https:\/\/www.medicina.ufmg.br\/sismid\/?p=3468"},"modified":"2024-07-14T20:59:07","modified_gmt":"2024-07-14T23:59:07","slug":"maconha-faz-mal-os-efeitos-da-droga-na-cognicao-e-na-mente-segundo-estudos","status":"publish","type":"post","link":"https:\/\/www.medicina.ufmg.br\/sismid\/2024\/07\/14\/maconha-faz-mal-os-efeitos-da-droga-na-cognicao-e-na-mente-segundo-estudos\/","title":{"rendered":"Maconha faz mal? Os efeitos da droga na cogni\u00e7\u00e3o e na mente, segundo estudos"},"content":{"rendered":"\n<p>A cannabis \u00e9 usada pelos seres humanos h\u00e1 milhares de anos \u2014 e \u00e9 uma das&nbsp;<a href=\"https:\/\/www.bbc.com\/portuguese\/topics\/cdr56r2v52wt\">drogas&nbsp;<\/a>mais populares atualmente. Com efeitos como sensa\u00e7\u00e3o de alegria e relaxamento, tamb\u00e9m pode ser legalmente receitada ou usada em v\u00e1rios pa\u00edses.<\/p>\n\n\n\n<p>Mas como o uso desta droga afeta a mente?<\/p>\n\n\n\n<p>Em tr\u00eas estudos recentes, publicados no The Journal of Psychopharmacology, no Neuropsychopharmacology e no International Journal of Neuropsychopharmacology, mostramos que ela pode influenciar v\u00e1rios processos cognitivos e psicol\u00f3gicos.<\/p>\n\n\n\n<div class=\"wp-block-buttons is-content-justification-center is-layout-flex wp-container-core-buttons-is-layout-1 wp-block-buttons-is-layout-flex\">\n<div class=\"wp-block-button is-style-outline is-style-outline--1\"><a class=\"wp-block-button__link has-white-color has-text-color has-background has-link-color wp-element-button\" href=\"https:\/\/www.bbc.com\/portuguese\/articles\/c1wwe22xwpgo\" style=\"background-color:#1a5491\">Acessar<\/a><\/div>\n<\/div>\n\n\n\n<p>Publicado na BBC News Brasil em 26 junho 2024<\/p>\n","protected":false},"excerpt":{"rendered":"<p>A cannabis \u00e9 usada pelos seres humanos h\u00e1 milhares de anos \u2014 e \u00e9 uma das&nbsp;drogas&nbsp;mais populares atualmente. Com efeitos como sensa\u00e7\u00e3o de alegria e relaxamento, tamb\u00e9m pode ser legalmente receitada ou usada em v\u00e1rios pa\u00edses. Mas como o uso desta droga afeta a mente? Em tr\u00eas estudos recentes, publicados no The Journal of Psychopharmacology, [&hellip;]<\/p>\n","protected":false},"author":106,"featured_media":0,"comment_status":"closed","ping_status":"","sticky":false,"template":"","format":"standard","meta":{"ocean_post_layout":"","ocean_both_sidebars_style":"","ocean_both_sidebars_content_width":0,"ocean_both_sidebars_sidebars_width":0,"ocean_sidebar":"","ocean_second_sidebar":"","ocean_disable_margins":"enable","ocean_add_body_class":"","ocean_shortcode_before_top_bar":"","ocean_shortcode_after_top_bar":"","ocean_shortcode_before_header":"","ocean_shortcode_after_header":"","ocean_has_shortcode":"","ocean_shortcode_after_title":"","ocean_shortcode_before_footer_widgets":"","ocean_shortcode_after_footer_widgets":"","ocean_shortcode_before_footer_bottom":"","ocean_shortcode_after_footer_bottom":"","ocean_display_top_bar":"default","ocean_display_header":"default","ocean_header_style":"","ocean_center_header_left_menu":"","ocean_custom_header_template":"","ocean_custom_logo":0,"ocean_custom_retina_logo":0,"ocean_custom_logo_max_width":0,"ocean_custom_logo_tablet_max_width":0,"ocean_custom_logo_mobile_max_width":0,"ocean_custom_logo_max_height":0,"ocean_custom_logo_tablet_max_height":0,"ocean_custom_logo_mobile_max_height":0,"ocean_header_custom_menu":"","ocean_menu_typo_font_family":"","ocean_menu_typo_font_subset":"","ocean_menu_typo_font_size":0,"ocean_menu_typo_font_size_tablet":0,"ocean_menu_typo_font_size_mobile":0,"ocean_menu_typo_font_size_unit":"px","ocean_menu_typo_font_weight":"","ocean_menu_typo_font_weight_tablet":"","ocean_menu_typo_font_weight_mobile":"","ocean_menu_typo_transform":"","ocean_menu_typo_transform_tablet":"","ocean_menu_typo_transform_mobile":"","ocean_menu_typo_line_height":0,"ocean_menu_typo_line_height_tablet":0,"ocean_menu_typo_line_height_mobile":0,"ocean_menu_typo_line_height_unit":"","ocean_menu_typo_spacing":0,"ocean_menu_typo_spacing_tablet":0,"ocean_menu_typo_spacing_mobile":0,"ocean_menu_typo_spacing_unit":"","ocean_menu_link_color":"","ocean_menu_link_color_hover":"","ocean_menu_link_color_active":"","ocean_menu_link_background":"","ocean_menu_link_hover_background":"","ocean_menu_link_active_background":"","ocean_menu_social_links_bg":"","ocean_menu_social_hover_links_bg":"","ocean_menu_social_links_color":"","ocean_menu_social_hover_links_color":"","ocean_disable_title":"default","ocean_disable_heading":"default","ocean_post_title":"","ocean_post_subheading":"","ocean_post_title_style":"","ocean_post_title_background_color":"","ocean_post_title_background":0,"ocean_post_title_bg_image_position":"","ocean_post_title_bg_image_attachment":"","ocean_post_title_bg_image_repeat":"","ocean_post_title_bg_image_size":"","ocean_post_title_height":0,"ocean_post_title_bg_overlay":0.5,"ocean_post_title_bg_overlay_color":"","ocean_disable_breadcrumbs":"default","ocean_breadcrumbs_color":"","ocean_breadcrumbs_separator_color":"","ocean_breadcrumbs_links_color":"","ocean_breadcrumbs_links_hover_color":"","ocean_display_footer_widgets":"default","ocean_display_footer_bottom":"default","ocean_custom_footer_template":"","ocean_post_oembed":"","ocean_post_self_hosted_media":"","ocean_post_video_embed":"","ocean_link_format":"","ocean_link_format_target":"self","ocean_quote_format":"","ocean_quote_format_link":"post","ocean_gallery_link_images":"on","ocean_gallery_id":[],"footnotes":""},"categories":[28],"tags":[181,515,514,330,83,516],"class_list":["post-3468","post","type-post","status-publish","format-standard","hentry","category-imprensa","tag-adolescentes","tag-aprendizado","tag-cognicao","tag-jovens","tag-maconha","tag-memoria","entry"],"_links":{"self":[{"href":"https:\/\/www.medicina.ufmg.br\/sismid\/wp-json\/wp\/v2\/posts\/3468","targetHints":{"allow":["GET"]}}],"collection":[{"href":"https:\/\/www.medicina.ufmg.br\/sismid\/wp-json\/wp\/v2\/posts"}],"about":[{"href":"https:\/\/www.medicina.ufmg.br\/sismid\/wp-json\/wp\/v2\/types\/post"}],"author":[{"embeddable":true,"href":"https:\/\/www.medicina.ufmg.br\/sismid\/wp-json\/wp\/v2\/users\/106"}],"replies":[{"embeddable":true,"href":"https:\/\/www.medicina.ufmg.br\/sismid\/wp-json\/wp\/v2\/comments?post=3468"}],"version-history":[{"count":1,"href":"https:\/\/www.medicina.ufmg.br\/sismid\/wp-json\/wp\/v2\/posts\/3468\/revisions"}],"predecessor-version":[{"id":3469,"href":"https:\/\/www.medicina.ufmg.br\/sismid\/wp-json\/wp\/v2\/posts\/3468\/revisions\/3469"}],"wp:attachment":[{"href":"https:\/\/www.medicina.ufmg.br\/sismid\/wp-json\/wp\/v2\/media?parent=3468"}],"wp:term":[{"taxonomy":"category","embeddable":true,"href":"https:\/\/www.medicina.ufmg.br\/sismid\/wp-json\/wp\/v2\/categories?post=3468"},{"taxonomy":"post_tag","embeddable":true,"href":"https:\/\/www.medicina.ufmg.br\/sismid\/wp-json\/wp\/v2\/tags?post=3468"}],"curies":[{"name":"wp","href":"https:\/\/api.w.org\/{rel}","templated":true}]}}