{"id":3496,"date":"2024-09-25T11:14:28","date_gmt":"2024-09-25T14:14:28","guid":{"rendered":"https:\/\/www.medicina.ufmg.br\/sismid\/?p=3496"},"modified":"2024-11-01T08:57:42","modified_gmt":"2024-11-01T11:57:42","slug":"cocaina-rosa-a-perigosa-droga-que-esta-virando-moda-em-festas-na-europa","status":"publish","type":"post","link":"https:\/\/www.medicina.ufmg.br\/sismid\/2024\/09\/25\/cocaina-rosa-a-perigosa-droga-que-esta-virando-moda-em-festas-na-europa\/","title":{"rendered":"Coca\u00edna rosa: a perigosa droga que est\u00e1 virando moda em festas na Europa"},"content":{"rendered":"\n<p>A coca\u00edna rosa tem essa cor distinta por causa da adi\u00e7\u00e3o de um corante aliment\u00edcio. Conhe\u00e7a onde surgiu essa droga e por que ela representa uma preocupa\u00e7\u00e3o para as autoridades e os profissionais de sa\u00fade.<\/p>\n\n\n\n<div class=\"wp-block-buttons is-content-justification-center is-layout-flex wp-container-core-buttons-is-layout-1 wp-block-buttons-is-layout-flex\">\n<div class=\"wp-block-button is-style-fill\"><a class=\"wp-block-button__link has-white-color has-text-color has-background has-link-color wp-element-button\" href=\"https:\/\/g1.globo.com\/saude\/noticia\/2024\/09\/25\/cocaina-rosa-a-perigosa-droga-que-esta-virando-moda-em-festas-na-europa.ghtml\" style=\"background-color:#1a5491\">Acessar<\/a><\/div>\n<\/div>\n\n\n\n<p>Dispon\u00edvel no Portal G1 em 25\/09\/2024<\/p>\n\n\n\n<p><\/p>\n","protected":false},"excerpt":{"rendered":"<p>A coca\u00edna rosa tem essa cor distinta por causa da adi\u00e7\u00e3o de um corante aliment\u00edcio. Conhe\u00e7a onde surgiu essa droga e por que ela representa uma preocupa\u00e7\u00e3o para as autoridades e os profissionais de sa\u00fade. Dispon\u00edvel no Portal G1 em 25\/09\/2024<\/p>\n","protected":false},"author":106,"featured_media":0,"comment_status":"closed","ping_status":"","sticky":false,"template":"","format":"standard","meta":{"ocean_post_layout":"","ocean_both_sidebars_style":"","ocean_both_sidebars_content_width":0,"ocean_both_sidebars_sidebars_width":0,"ocean_sidebar":"","ocean_second_sidebar":"","ocean_disable_margins":"enable","ocean_add_body_class":"","ocean_shortcode_before_top_bar":"","ocean_shortcode_after_top_bar":"","ocean_shortcode_before_header":"","ocean_shortcode_after_header":"","ocean_has_shortcode":"","ocean_shortcode_after_title":"","ocean_shortcode_before_footer_widgets":"","ocean_shortcode_after_footer_widgets":"","ocean_shortcode_before_footer_bottom":"","ocean_shortcode_after_footer_bottom":"","ocean_display_top_bar":"default","ocean_display_header":"default","ocean_header_style":"","ocean_center_header_left_menu":"","ocean_custom_header_template":"","ocean_custom_logo":0,"ocean_custom_retina_logo":0,"ocean_custom_logo_max_width":0,"ocean_custom_logo_tablet_max_width":0,"ocean_custom_logo_mobile_max_width":0,"ocean_custom_logo_max_height":0,"ocean_custom_logo_tablet_max_height":0,"ocean_custom_logo_mobile_max_height":0,"ocean_header_custom_menu":"","ocean_menu_typo_font_family":"","ocean_menu_typo_font_subset":"","ocean_menu_typo_font_size":0,"ocean_menu_typo_font_size_tablet":0,"ocean_menu_typo_font_size_mobile":0,"ocean_menu_typo_font_size_unit":"px","ocean_menu_typo_font_weight":"","ocean_menu_typo_font_weight_tablet":"","ocean_menu_typo_font_weight_mobile":"","ocean_menu_typo_transform":"","ocean_menu_typo_transform_tablet":"","ocean_menu_typo_transform_mobile":"","ocean_menu_typo_line_height":0,"ocean_menu_typo_line_height_tablet":0,"ocean_menu_typo_line_height_mobile":0,"ocean_menu_typo_line_height_unit":"","ocean_menu_typo_spacing":0,"ocean_menu_typo_spacing_tablet":0,"ocean_menu_typo_spacing_mobile":0,"ocean_menu_typo_spacing_unit":"","ocean_menu_link_color":"","ocean_menu_link_color_hover":"","ocean_menu_link_color_active":"","ocean_menu_link_background":"","ocean_menu_link_hover_background":"","ocean_menu_link_active_background":"","ocean_menu_social_links_bg":"","ocean_menu_social_hover_links_bg":"","ocean_menu_social_links_color":"","ocean_menu_social_hover_links_color":"","ocean_disable_title":"default","ocean_disable_heading":"default","ocean_post_title":"","ocean_post_subheading":"","ocean_post_title_style":"","ocean_post_title_background_color":"","ocean_post_title_background":0,"ocean_post_title_bg_image_position":"","ocean_post_title_bg_image_attachment":"","ocean_post_title_bg_image_repeat":"","ocean_post_title_bg_image_size":"","ocean_post_title_height":0,"ocean_post_title_bg_overlay":0.5,"ocean_post_title_bg_overlay_color":"","ocean_disable_breadcrumbs":"default","ocean_breadcrumbs_color":"","ocean_breadcrumbs_separator_color":"","ocean_breadcrumbs_links_color":"","ocean_breadcrumbs_links_hover_color":"","ocean_display_footer_widgets":"default","ocean_display_footer_bottom":"default","ocean_custom_footer_template":"","ocean_post_oembed":"","ocean_post_self_hosted_media":"","ocean_post_video_embed":"","ocean_link_format":"","ocean_link_format_target":"self","ocean_quote_format":"","ocean_quote_format_link":"post","ocean_gallery_link_images":"on","ocean_gallery_id":[],"footnotes":""},"categories":[28],"tags":[24,540,541,544,542,543],"class_list":["post-3496","post","type-post","status-publish","format-standard","hentry","category-imprensa","tag-cocaina","tag-cocaina-rosa","tag-corante","tag-drogas-sinteticas-2","tag-europa","tag-preocupacao","entry"],"_links":{"self":[{"href":"https:\/\/www.medicina.ufmg.br\/sismid\/wp-json\/wp\/v2\/posts\/3496","targetHints":{"allow":["GET"]}}],"collection":[{"href":"https:\/\/www.medicina.ufmg.br\/sismid\/wp-json\/wp\/v2\/posts"}],"about":[{"href":"https:\/\/www.medicina.ufmg.br\/sismid\/wp-json\/wp\/v2\/types\/post"}],"author":[{"embeddable":true,"href":"https:\/\/www.medicina.ufmg.br\/sismid\/wp-json\/wp\/v2\/users\/106"}],"replies":[{"embeddable":true,"href":"https:\/\/www.medicina.ufmg.br\/sismid\/wp-json\/wp\/v2\/comments?post=3496"}],"version-history":[{"count":2,"href":"https:\/\/www.medicina.ufmg.br\/sismid\/wp-json\/wp\/v2\/posts\/3496\/revisions"}],"predecessor-version":[{"id":3519,"href":"https:\/\/www.medicina.ufmg.br\/sismid\/wp-json\/wp\/v2\/posts\/3496\/revisions\/3519"}],"wp:attachment":[{"href":"https:\/\/www.medicina.ufmg.br\/sismid\/wp-json\/wp\/v2\/media?parent=3496"}],"wp:term":[{"taxonomy":"category","embeddable":true,"href":"https:\/\/www.medicina.ufmg.br\/sismid\/wp-json\/wp\/v2\/categories?post=3496"},{"taxonomy":"post_tag","embeddable":true,"href":"https:\/\/www.medicina.ufmg.br\/sismid\/wp-json\/wp\/v2\/tags?post=3496"}],"curies":[{"name":"wp","href":"https:\/\/api.w.org\/{rel}","templated":true}]}}