{"id":3572,"date":"2025-02-11T15:13:22","date_gmt":"2025-02-11T18:13:22","guid":{"rendered":"https:\/\/www.medicina.ufmg.br\/sismid\/?p=3572"},"modified":"2025-02-11T15:13:22","modified_gmt":"2025-02-11T18:13:22","slug":"violencia-contra-as-mulheres-pode-impactar-alem-do-fisico","status":"publish","type":"post","link":"https:\/\/www.medicina.ufmg.br\/sismid\/2025\/02\/11\/violencia-contra-as-mulheres-pode-impactar-alem-do-fisico\/","title":{"rendered":"Viol\u00eancia contra as mulheres pode impactar al\u00e9m do f\u00edsico"},"content":{"rendered":"\n<p>Pesquisa revela que a viol\u00eancia pode trazer diversos impactos psicol\u00f3gicos como ansiedade, depress\u00e3o e uso abusivo de drogas entre as mulheres<\/p>\n\n\n\n<p>Al\u00e9m de ter uma alta taxa de mortalidade feminina no pa\u00eds, a viol\u00eancia contra as mulheres tamb\u00e9m pode gerar outros agravos. As consequ\u00eancias, geradas por essa viol\u00eancia, podem se manifestar como preju\u00edzos na sa\u00fade f\u00edsica, mental e sexual. De acordo com a pesquisa, realizada pela doutora N\u00e1dia de Machado Vasconcelos para o Programa de P\u00f3s-Gradua\u00e7\u00e3o em Sa\u00fade P\u00fablica, mulheres que convivem cronicamente com a viol\u00eancia est\u00e3o em maior risco de desenvolver problemas de sa\u00fade como a cefaleia, dores abdominal e lombar, dist\u00farbios do sono, fibromialgia e s\u00edndrome do intestino irrit\u00e1vel.&nbsp;<\/p>\n\n\n\n<p>\u201cA viol\u00eancia traz muitas consequ\u00eancias para a vida das pessoas que a sofrem. A gente fala sempre das consequ\u00eancias f\u00edsicas, que s\u00e3o as les\u00f5es, fraturas, muitas vezes necessitando interna\u00e7\u00f5es, mas existem tamb\u00e9m consequ\u00eancias psicol\u00f3gicas, como a depress\u00e3o, a ansiedade e tentativas de autoexterm\u00ednio, por exemplo\u201d, pontua a pesquisadora.&nbsp;<\/p>\n\n\n\n<p>\u201c<strong>O uso intencional da for\u00e7a f\u00edsica ou do poder, real ou em amea\u00e7a, contra si pr\u00f3prio, contra outra pessoa, ou contra um grupo ou uma comunidade, que resulte ou tenha grande possibilidade de resultar em les\u00e3o, morte, dano psicol\u00f3gico, defici\u00eancia de desenvolvimento ou priva\u00e7\u00e3o\u201d.&nbsp;<\/strong><\/p>\n\n\n\n<p>Al\u00e9m disso, mulheres que convivem com parceiros violentos podem ser for\u00e7adas a pr\u00e1ticas de sexo inseguro, o que compromete seu planejamento familiar e aumenta a exposi\u00e7\u00e3o ao risco de contrair infec\u00e7\u00f5es sexualmente transmiss\u00edveis (IST). De acordo com N\u00e1dia, quando as mulheres tentam lidar com a viol\u00eancia e todas as consequ\u00eancias provindas dela, elas podem tamb\u00e9m desenvolver h\u00e1bitos de vida n\u00e3o saud\u00e1veis, como o consumo de drogas, \u00e1lcool, tabagismo, etc.&nbsp;<\/p>\n\n\n\n<div class=\"wp-block-buttons is-content-justification-center is-layout-flex wp-container-core-buttons-is-layout-1 wp-block-buttons-is-layout-flex\">\n<div class=\"wp-block-button is-style-fill\"><a class=\"wp-block-button__link has-white-color has-text-color has-background has-link-color wp-element-button\" href=\"https:\/\/www.medicina.ufmg.br\/violencia-contra-as-mulheres-pode-impactar-alem-do-fisico\/\" style=\"background-color:#1a5491\">Acessar<\/a><\/div>\n<\/div>\n\n\n\n<p>Dispon\u00edvel no site da Faculdade de Medicina da UFMG, em 10\/02\/2025<\/p>\n","protected":false},"excerpt":{"rendered":"<p>Pesquisa revela que a viol\u00eancia pode trazer diversos impactos psicol\u00f3gicos como ansiedade, depress\u00e3o e uso abusivo de drogas entre as mulheres Al\u00e9m de ter uma alta taxa de mortalidade feminina no pa\u00eds, a viol\u00eancia contra as mulheres tamb\u00e9m pode gerar outros agravos. As consequ\u00eancias, geradas por essa viol\u00eancia, podem se manifestar como preju\u00edzos na sa\u00fade [&hellip;]<\/p>\n","protected":false},"author":106,"featured_media":0,"comment_status":"closed","ping_status":"","sticky":false,"template":"","format":"standard","meta":{"ocean_post_layout":"","ocean_both_sidebars_style":"","ocean_both_sidebars_content_width":0,"ocean_both_sidebars_sidebars_width":0,"ocean_sidebar":"","ocean_second_sidebar":"","ocean_disable_margins":"enable","ocean_add_body_class":"","ocean_shortcode_before_top_bar":"","ocean_shortcode_after_top_bar":"","ocean_shortcode_before_header":"","ocean_shortcode_after_header":"","ocean_has_shortcode":"","ocean_shortcode_after_title":"","ocean_shortcode_before_footer_widgets":"","ocean_shortcode_after_footer_widgets":"","ocean_shortcode_before_footer_bottom":"","ocean_shortcode_after_footer_bottom":"","ocean_display_top_bar":"default","ocean_display_header":"default","ocean_header_style":"","ocean_center_header_left_menu":"","ocean_custom_header_template":"","ocean_custom_logo":0,"ocean_custom_retina_logo":0,"ocean_custom_logo_max_width":0,"ocean_custom_logo_tablet_max_width":0,"ocean_custom_logo_mobile_max_width":0,"ocean_custom_logo_max_height":0,"ocean_custom_logo_tablet_max_height":0,"ocean_custom_logo_mobile_max_height":0,"ocean_header_custom_menu":"","ocean_menu_typo_font_family":"","ocean_menu_typo_font_subset":"","ocean_menu_typo_font_size":0,"ocean_menu_typo_font_size_tablet":0,"ocean_menu_typo_font_size_mobile":0,"ocean_menu_typo_font_size_unit":"px","ocean_menu_typo_font_weight":"","ocean_menu_typo_font_weight_tablet":"","ocean_menu_typo_font_weight_mobile":"","ocean_menu_typo_transform":"","ocean_menu_typo_transform_tablet":"","ocean_menu_typo_transform_mobile":"","ocean_menu_typo_line_height":0,"ocean_menu_typo_line_height_tablet":0,"ocean_menu_typo_line_height_mobile":0,"ocean_menu_typo_line_height_unit":"","ocean_menu_typo_spacing":0,"ocean_menu_typo_spacing_tablet":0,"ocean_menu_typo_spacing_mobile":0,"ocean_menu_typo_spacing_unit":"","ocean_menu_link_color":"","ocean_menu_link_color_hover":"","ocean_menu_link_color_active":"","ocean_menu_link_background":"","ocean_menu_link_hover_background":"","ocean_menu_link_active_background":"","ocean_menu_social_links_bg":"","ocean_menu_social_hover_links_bg":"","ocean_menu_social_links_color":"","ocean_menu_social_hover_links_color":"","ocean_disable_title":"default","ocean_disable_heading":"default","ocean_post_title":"","ocean_post_subheading":"","ocean_post_title_style":"","ocean_post_title_background_color":"","ocean_post_title_background":0,"ocean_post_title_bg_image_position":"","ocean_post_title_bg_image_attachment":"","ocean_post_title_bg_image_repeat":"","ocean_post_title_bg_image_size":"","ocean_post_title_height":0,"ocean_post_title_bg_overlay":0.5,"ocean_post_title_bg_overlay_color":"","ocean_disable_breadcrumbs":"default","ocean_breadcrumbs_color":"","ocean_breadcrumbs_separator_color":"","ocean_breadcrumbs_links_color":"","ocean_breadcrumbs_links_hover_color":"","ocean_display_footer_widgets":"default","ocean_display_footer_bottom":"default","ocean_custom_footer_template":"","ocean_post_oembed":"","ocean_post_self_hosted_media":"","ocean_post_video_embed":"","ocean_link_format":"","ocean_link_format_target":"self","ocean_quote_format":"","ocean_quote_format_link":"post","ocean_gallery_link_images":"on","ocean_gallery_id":[],"footnotes":""},"categories":[28],"tags":[650,649,648,461,186,478,161],"class_list":["post-3572","post","type-post","status-publish","format-standard","hentry","category-imprensa","tag-consumo-de-alcool","tag-consumo-de-drogas","tag-habitos-de-vida-nao-saudaveis","tag-mulheres","tag-saude-mental","tag-tabagismo","tag-violencia","entry"],"_links":{"self":[{"href":"https:\/\/www.medicina.ufmg.br\/sismid\/wp-json\/wp\/v2\/posts\/3572","targetHints":{"allow":["GET"]}}],"collection":[{"href":"https:\/\/www.medicina.ufmg.br\/sismid\/wp-json\/wp\/v2\/posts"}],"about":[{"href":"https:\/\/www.medicina.ufmg.br\/sismid\/wp-json\/wp\/v2\/types\/post"}],"author":[{"embeddable":true,"href":"https:\/\/www.medicina.ufmg.br\/sismid\/wp-json\/wp\/v2\/users\/106"}],"replies":[{"embeddable":true,"href":"https:\/\/www.medicina.ufmg.br\/sismid\/wp-json\/wp\/v2\/comments?post=3572"}],"version-history":[{"count":1,"href":"https:\/\/www.medicina.ufmg.br\/sismid\/wp-json\/wp\/v2\/posts\/3572\/revisions"}],"predecessor-version":[{"id":3573,"href":"https:\/\/www.medicina.ufmg.br\/sismid\/wp-json\/wp\/v2\/posts\/3572\/revisions\/3573"}],"wp:attachment":[{"href":"https:\/\/www.medicina.ufmg.br\/sismid\/wp-json\/wp\/v2\/media?parent=3572"}],"wp:term":[{"taxonomy":"category","embeddable":true,"href":"https:\/\/www.medicina.ufmg.br\/sismid\/wp-json\/wp\/v2\/categories?post=3572"},{"taxonomy":"post_tag","embeddable":true,"href":"https:\/\/www.medicina.ufmg.br\/sismid\/wp-json\/wp\/v2\/tags?post=3572"}],"curies":[{"name":"wp","href":"https:\/\/api.w.org\/{rel}","templated":true}]}}