{"id":166,"date":"2017-05-30T14:30:58","date_gmt":"2017-05-30T17:30:58","guid":{"rendered":"https:\/\/www.medicina.ufmg.br\/vidaaposavida\/?p=166"},"modified":"2026-01-19T11:37:02","modified_gmt":"2026-01-19T14:37:02","slug":"perguntas-mais-frequentes","status":"publish","type":"post","link":"https:\/\/www.medicina.ufmg.br\/vidaaposavida\/perguntas-mais-frequentes\/","title":{"rendered":"Perguntas mais frequentes"},"content":{"rendered":"<div class=\"otw-sc-toggle\"><h3 class=\"toggle-trigger widget-title closed\">Quem pode doar o seu corpo?<span class=\"icon\"><\/span><\/h3><div class=\"toggle-content\"><p><\/p><br \/>\n<p>Qualquer pessoa maior de 18 anos que tenha inten\u00e7\u00e3o de doar. Menores de 18 anos podem se tornar doadores se a fam\u00edlia consentir. A doa\u00e7\u00e3o ap\u00f3s a morte, em qualquer caso, s\u00f3 ser\u00e1 efetivada com o consentimento da fam\u00edlia.<br \/><br \/>\n<\/p><\/div><\/div>\n\n\n<div class=\"otw-sc-toggle\"><h3 class=\"toggle-trigger widget-title closed\">O doador ou a fam\u00edlia recebe algum pagamento pela doa\u00e7\u00e3o do corpo?<span class=\"icon\"><\/span><\/h3><div class=\"toggle-content\"><p><\/p><br \/>\n<p class=\"normal\" style=\"margin-bottom: 10.0pt; text-align: justify;\">N\u00e3o, as leis brasileiras pro\u00edbem que haja pagamento por corpos humanos ou \u00f3rg\u00e3os internos.<br \/><br \/>\n<\/p><\/div><\/div>\n\n\n<div class=\"otw-sc-toggle\"><h3 class=\"toggle-trigger widget-title closed\">Quais s\u00e3o os gastos para o doador e sua fam\u00edlia?<span class=\"icon\"><\/span><\/h3><div class=\"toggle-content\"><p><\/p><br \/>\n<p class=\"normal\" style=\"margin-bottom: 10.0pt; text-align: justify;\">N\u00e3o existem custos adicionais. A fam\u00edlia realiza o vel\u00f3rio normalmente, se assim desejar, sendo respons\u00e1vel por seu custo. A fam\u00edlia \u00e9 respons\u00e1vel por contatar a Faculdade de Medicina quando ocorrer o \u00f3bito. A partir deste momento, a faculdade de medicina se responsabiliza pelos gastos.<br \/><br \/>\n<\/p><\/div><\/div>\n\n\n<div class=\"otw-sc-toggle\"><h3 class=\"toggle-trigger widget-title closed\">S\u00e3o aceitos corpos dos quais os \u00f3rg\u00e3os foram removidos para doa\u00e7\u00e3o?<span class=\"icon\"><\/span><\/h3><div class=\"toggle-content\"><p><\/p><br \/>\n<p>Sim, a doa\u00e7\u00e3o de \u00f3rg\u00e3os para transplante n\u00e3o impede a posterior doa\u00e7\u00e3o do corpo. Entretanto, cada caso deve ser avaliado individualmente.<br \/><br \/>\n<\/p><\/div><\/div>\n\n\n<div class=\"otw-sc-toggle\"><h3 class=\"toggle-trigger widget-title closed\">O que se deve fazer para doar o corpo?<span class=\"icon\"><\/span><\/h3><div class=\"toggle-content\"><p><\/p><br \/>\n<p class=\"normal\" style=\"margin-bottom: 10.0pt; text-align: justify;\">A doa\u00e7\u00e3o do corpo para o ensino e para a pesquisa \u00e9 uma decis\u00e3o pessoal que deve ser bem examinada e discutida com a fam\u00edlia. A decis\u00e3o deve ser feita pelo doador, mas a fam\u00edlia deve estar de acordo e autorizar a doa\u00e7\u00e3o ap\u00f3s a morte. A identifica\u00e7\u00e3o dos doadores e todas as informa\u00e7\u00f5es fornecidas permanecem estritamente confidenciais e ser\u00e3o armazenadas em um banco de dados da Faculdade de Medicina da UFMG. \u00c9 necess\u00e1rio preencher o \u201cTermo de Doa\u00e7\u00e3o\u201d, que deve ser assinado pelo doador e por duas testemunhas.<br \/><br \/>\n<\/p><\/div><\/div>\n\n\n<div class=\"otw-sc-toggle\"><h3 class=\"toggle-trigger widget-title closed\">Mesmo que n\u00e3o tenha havido a doa\u00e7\u00e3o em vida, ela pode ser realizada pela fam\u00edlia ap\u00f3s a morte?<span class=\"icon\"><\/span><\/h3><div class=\"toggle-content\"><p><\/p><br \/>\n<p class=\"normal\" style=\"margin-bottom: 10.0pt; text-align: justify;\">Sim. Para isso, deve ser feito contato com a Faculdade de Medicina da UFMG. O tempo decorrido entre a morte e a prepara\u00e7\u00e3o do corpo \u00e9 importante, pois per\u00edodos muitos longos podem inviabilizar a doa\u00e7\u00e3o.<br \/><br \/>\n<\/p><\/div><\/div>\n\n\n<div class=\"otw-sc-toggle\"><h3 class=\"toggle-trigger widget-title closed\">Os familiares do doador podem desistir da doa\u00e7\u00e3o?<span class=\"icon\"><\/span><\/h3><div class=\"toggle-content\"><p><\/p><br \/>\n<p>Sim. Assinar o termo de doa\u00e7\u00e3o n\u00e3o impede a desist\u00eancia da doa\u00e7\u00e3o, que pode ocorrer a qualquer momento.<br \/><br \/>\n<\/p><\/div><\/div>\n\n\n<div class=\"otw-sc-toggle\"><h3 class=\"toggle-trigger widget-title closed\">Em quais atividades o corpo doado pode ser utilizado? <span class=\"icon\"><\/span><\/h3><div class=\"toggle-content\"><p><\/p><br \/>\n<p>Os corpos doados \u00e0 Faculdade de Medicina da UFMG s\u00e3o utilizados em aulas pr\u00e1ticas de anatomia m\u00e9dica, em estudos cient\u00edficos de Anatomia Humana e em cursos de treinamentos anat\u00f4micos e m\u00e9dico-cir\u00fargicos, n\u00e3o sendo poss\u00edvel, ao doador, escolher algum outro uso.<br \/><br \/>\n<\/p><\/div><\/div>\n\n\n<div class=\"otw-sc-toggle\"><h3 class=\"toggle-trigger widget-title closed\">Indiv\u00edduos portadores de doen\u00e7as infectocontagiosas como HIV e Hepatite B podem doar o corpo?<span class=\"icon\"><\/span><\/h3><div class=\"toggle-content\"><p><\/p><br \/>\n<p>Sim, n\u00e3o h\u00e1 nenhum impedimento para a doa\u00e7\u00e3o de corpo ap\u00f3s a morte. Estudos j\u00e1 demonstraram que ap\u00f3s a formoliza\u00e7\u00e3o os agentes infecciosos, incluindo o v\u00edrus da AIDS e os v\u00edrus das hepatites, perdem sua a\u00e7\u00e3o infecciosa.<br \/><br \/>\n<\/p><\/div><\/div>\n\n\n<div class=\"otw-sc-toggle\"><h3 class=\"toggle-trigger widget-title closed\">Os corpos doados s\u00e3o exclusivamente pra UFMG?<span class=\"icon\"><\/span><\/h3><div class=\"toggle-content\"><p><\/p><br \/>\n<p class=\"normal\" style=\"margin-bottom: 10.0pt; text-align: justify;\">Sim, os corpos s\u00e3o doados para a Faculdade de Medicina da UFMG, podendo, em raras exce\u00e7\u00f5es, ser destinados ao Instituto de Ci\u00eancias Biol\u00f3gicas da UFMG ap\u00f3s uso pr\u00e9vio nas aulas de anatomia para o curso de Medicina e Tecnologia em Radiologia.<\/p><br \/>\n<p><\/p><\/div><\/div>\n\n\n<div class=\"otw-sc-toggle\"><h3 class=\"toggle-trigger widget-title closed\">O processo administrativo de doa\u00e7\u00e3o \u00e9 muito burocr\u00e1tico?<span class=\"icon\"><\/span><\/h3><div class=\"toggle-content\"><p><\/p><br \/>\n<p class=\"normal\" style=\"margin-bottom: 10.0pt; text-align: justify;\">N\u00e3o, basta agendar uma entrevista pelo telefone de contato e, ao fim da entrevista, assinar o Termo de Doa\u00e7\u00e3o. Lembrando que a fam\u00edlia deve ser comunicada, pois um familiar ter\u00e1 que assinar o Termo de Cess\u00e3o quando do falecimento do doador. Os tr\u00e2mites relacionados \u00e0 Certid\u00e3o de \u00d3bito e o transporte do corpo at\u00e9 a faculdade s\u00e3o arcados pela Faculdade de Medicina, onde um funcion\u00e1rio fica \u00e0 disposi\u00e7\u00e3o para auxiliar a fam\u00edlia durante todo esse processo.<\/p><br \/>\n<p><\/p><\/div><\/div>\n\n\n<div class=\"otw-sc-toggle\"><h3 class=\"toggle-trigger widget-title closed\">Posso escolher como meu corpo ser\u00e1 utilizado?<span class=\"icon\"><\/span><\/h3><div class=\"toggle-content\"><p><\/p><br \/>\n<p class=\"normal\" style=\"margin-bottom: 10.0pt; text-align: justify;\">N\u00e3o, mas todos os corpos doados s\u00e3o empregados para o ensino da anatomia m\u00e9dica, para pesquisas e para os treinamentos anat\u00f4micos e m\u00e9dico-cir\u00fargicos desenvolvidos na Faculdade de Medicina da UFMG.<\/p><br \/>\n<p><\/p><\/div><\/div>\n\n\n<div class=\"otw-sc-toggle\"><h3 class=\"toggle-trigger widget-title closed\">S\u00e3o aceitos corpos de qualquer local do pa\u00eds?<span class=\"icon\"><\/span><\/h3><div class=\"toggle-content\"><p><\/p><br \/>\n<p class=\"normal\" style=\"margin-bottom: 10.0pt; text-align: justify;\">Damos prefer\u00eancia para doadores de Belo Horizonte, Regi\u00e3o Metropolitana e cidades de Minas Gerais. Caso o \u00f3bito ocorra em outro estado \u00e9 poss\u00edvel entrarmos em contato com a universidade federal mais pr\u00f3xima para que a doa\u00e7\u00e3o seja efetuada.<\/p><br \/>\n<p><\/p><\/div><\/div>\n\n\n<div class=\"otw-sc-toggle\"><h3 class=\"toggle-trigger widget-title closed\">\u00c9 o mesmo que doa\u00e7\u00e3o de \u00f3rg\u00e3os?<span class=\"icon\"><\/span><\/h3><div class=\"toggle-content\"><p><\/p><br \/>\n<p>N\u00e3o. Na doa\u00e7\u00e3o de corpo, o corpo todo \u00e9 doado \u00e0 Faculdade de Medicina da UFMG e ele ser\u00e1 mantido e preservado pela Institui\u00e7\u00e3o, e n\u00e3o outra pessoa. Caso deseje e seja poss\u00edvel doar \u00f3rg\u00e3os, o servi\u00e7o MG Transplante deve ser acionado quando do falecimento do doador.<br \/><br \/>\n<\/p><\/div><\/div>\n\n\n<div class=\"otw-sc-toggle\"><h3 class=\"toggle-trigger widget-title closed\">Existe alguma restri\u00e7\u00e3o de idade, peso, altura para me tornar um doador?<span class=\"icon\"><\/span><\/h3><div class=\"toggle-content\"><p><\/p><br \/>\n<p class=\"normal\" style=\"margin-bottom: 10.0pt; text-align: justify;\">N\u00e3o. No Programa Vida Ap\u00f3s a Vida n\u00e3o temos restri\u00e7\u00e3o de idade, peso ou altura para se tornar um doador de corpo.<\/p><br \/>\n<p><\/p><\/div><\/div>\n\n\n<div class=\"otw-sc-toggle\"><h3 class=\"toggle-trigger widget-title closed\">Como eu fa\u00e7o para agendar uma entrevista?<span class=\"icon\"><\/span><\/h3><div class=\"toggle-content\"><p><\/p><br \/>\n<p>Para agendar uma entrevista basta entrar em contato pelo telefone (31) 3409-9739 ou pelo e-mail vidaaposavidaufmg@gmail.com. Nesse primeiro momento s\u00e3o solicitados nome completo e CPF para que o agendamento seja efetivado.<br \/><br \/>\nNa pergunta: quais documentos s\u00e3o necess\u00e1rios, colocar: Para a entrevista o interessado dever\u00e1 levar somente um documento com foto. N\u00e3o \u00e9 necess\u00e1rio levar comprovante de resid\u00eancia ou qualquer outro documento.<br \/><br \/>\n<\/p><\/div><\/div>\n\n\n<div class=\"otw-sc-toggle\"><h3 class=\"toggle-trigger widget-title closed\">Quais documentos s\u00e3o necess\u00e1rios para a doa\u00e7\u00e3o de corpo?<span class=\"icon\"><\/span><\/h3><div class=\"toggle-content\"><p><\/p><br \/>\n<p>Para a entrevista o interessado dever\u00e1 levar um documento com foto e duas fotos 3&#215;4. N\u00e3o \u00e9 necess\u00e1rio levar comprovante de resid\u00eancia ou qualquer outro documento.<br \/><br \/>\n<\/p><\/div><\/div>\n","protected":false},"excerpt":{"rendered":"","protected":false},"author":17,"featured_media":0,"comment_status":"closed","ping_status":"closed","sticky":false,"template":"","format":"standard","meta":{"footnotes":""},"categories":[1],"tags":[],"class_list":["post-166","post","type-post","status-publish","format-standard","hentry","category-sem-categoria"],"_links":{"self":[{"href":"https:\/\/www.medicina.ufmg.br\/vidaaposavida\/wp-json\/wp\/v2\/posts\/166","targetHints":{"allow":["GET"]}}],"collection":[{"href":"https:\/\/www.medicina.ufmg.br\/vidaaposavida\/wp-json\/wp\/v2\/posts"}],"about":[{"href":"https:\/\/www.medicina.ufmg.br\/vidaaposavida\/wp-json\/wp\/v2\/types\/post"}],"author":[{"embeddable":true,"href":"https:\/\/www.medicina.ufmg.br\/vidaaposavida\/wp-json\/wp\/v2\/users\/17"}],"replies":[{"embeddable":true,"href":"https:\/\/www.medicina.ufmg.br\/vidaaposavida\/wp-json\/wp\/v2\/comments?post=166"}],"version-history":[{"count":4,"href":"https:\/\/www.medicina.ufmg.br\/vidaaposavida\/wp-json\/wp\/v2\/posts\/166\/revisions"}],"predecessor-version":[{"id":300,"href":"https:\/\/www.medicina.ufmg.br\/vidaaposavida\/wp-json\/wp\/v2\/posts\/166\/revisions\/300"}],"wp:attachment":[{"href":"https:\/\/www.medicina.ufmg.br\/vidaaposavida\/wp-json\/wp\/v2\/media?parent=166"}],"wp:term":[{"taxonomy":"category","embeddable":true,"href":"https:\/\/www.medicina.ufmg.br\/vidaaposavida\/wp-json\/wp\/v2\/categories?post=166"},{"taxonomy":"post_tag","embeddable":true,"href":"https:\/\/www.medicina.ufmg.br\/vidaaposavida\/wp-json\/wp\/v2\/tags?post=166"}],"curies":[{"name":"wp","href":"https:\/\/api.w.org\/{rel}","templated":true}]}}